{"id":729,"date":"2020-08-20T09:06:24","date_gmt":"2020-08-20T07:06:24","guid":{"rendered":"https:\/\/erdelyivakiskola.org\/\/?p=729"},"modified":"2023-02-16T12:53:33","modified_gmt":"2023-02-16T10:53:33","slug":"magyar-a-pszichologus-ha-vak-ujabb-online-talalkozo-a-fiatal-felnott-latasserultekkel","status":"publish","type":"post","link":"https:\/\/erdelyivakiskola.org\/hu\/magyar-a-pszichologus-ha-vak-ujabb-online-talalkozo-a-fiatal-felnott-latasserultekkel\/","title":{"rendered":"A pszichol\u00f3gus, ha vak &#8211; \u00fajabb online tal\u00e1lkoz\u00f3 a fiatal feln\u0151tt l\u00e1t\u00e1ss\u00e9r\u00fcltekkel"},"content":{"rendered":"<p>2020. 08. 06.-\u00e1n tartott\u00e1k a harmadik online tal\u00e1lkoz\u00f3t a fiatal feln\u0151tt l\u00e1t\u00e1ss\u00e9r\u00fcltek, megh\u00edvott vend\u00e9g\u00fck a Magyarorsz\u00e1gon \u00e9l\u0151 \u00e9s dolgoz\u00f3 N\u00e9meth Orsolya, a Magyar Vakok \u00e9s Gyeng\u00e9nl\u00e1t\u00f3k Orsz\u00e1gos Sz\u00f6vets\u00e9g\u00e9nek vezet\u0151 munkat\u00e1rsa volt. Vele m\u00e1r tal\u00e1lkoztak a fiatalok a m\u00falt \u00e9vi t\u00e1borban, \u00e9s a m\u00falt \u0151szi Feh\u00e9r Bot napj\u00e1t is egy\u00fctt t\u00f6lthett\u00e9k Sz\u00e9kelyudvarhelyen. Ezt az online tal\u00e1lkoz\u00f3t is Moni Imola koll\u00e9g\u00e1nk, az ELTE B\u00e1rczi Guszt\u00e1v tanul\u00f3ja vezette.<\/p>\n<p>N\u00e9meth Orsolya pszichol\u00f3gus v\u00e9gzetts\u00e9g\u0171, \u00edgy adott volt a k\u00e9rd\u00e9s: mi a pszichol\u00f3gia? Milyen szakter\u00fcletei vannak, hogyan teltek az egyetemi \u00e9vek, hol \u00e9s hogyan lehet hasznos\u00edtani a pszichol\u00f3gia tudom\u00e1nyt a mindennapokban. A testv\u00e9rek \u00e9let\u00fatj\u00e1r\u00f3l mes\u00e9lt Orsolya, hogy milyen mint\u00e1zatokat k\u00f6vetnek, p\u00e9ldak\u00e9nt eml\u00edtette saj\u00e1t mag\u00e1t \u00e9s l\u00e1t\u00e1ss\u00e9r\u00fclt informatik\u00e1val foglalkoz\u00f3 b\u00e1tyj\u00e1t, saj\u00e1t p\u00e9ld\u00e1val igazolta a pszichol\u00f3giai kutat\u00e1sokat.<\/p>\n<p><a href=\"https:\/\/erdelyivakiskola.org\/wp-content\/uploads\/2020\/08\/107519518_3191360564292898_2860872868844231589_o.jpg\"><img loading=\"lazy\" decoding=\"async\" class=\"alignnone wp-image-731\" src=\"https:\/\/erdelyivakiskola.org\/\/wp-content\/uploads\/2020\/08\/107519518_3191360564292898_2860872868844231589_o-169x300.jpg\" alt=\"\" width=\"522\" height=\"928\" srcset=\"https:\/\/erdelyivakiskola.org\/wp-content\/uploads\/2020\/08\/107519518_3191360564292898_2860872868844231589_o-169x300.jpg 169w, https:\/\/erdelyivakiskola.org\/wp-content\/uploads\/2020\/08\/107519518_3191360564292898_2860872868844231589_o-576x1024.jpg 576w, https:\/\/erdelyivakiskola.org\/wp-content\/uploads\/2020\/08\/107519518_3191360564292898_2860872868844231589_o-768x1365.jpg 768w, https:\/\/erdelyivakiskola.org\/wp-content\/uploads\/2020\/08\/107519518_3191360564292898_2860872868844231589_o.jpg 828w\" sizes=\"auto, (max-width: 522px) 100vw, 522px\" \/><\/a><\/p>\n<p>Elmondta, hogy a mostani munk\u00e1ja sor\u00e1n is akt\u00edvan hasznos\u00edtja az egyetemen tanultakat, mint \u00e9rdekv\u00e9d\u0151, rengeteg emberrel tal\u00e1lkozik, nagyon sok programot \u00e9s tr\u00e9ninget szerveznek, amin\u00e9l a pszichol\u00f3gia ismerete sok esetben elengedhetetlen ahhoz, hogy j\u00f3l m\u0171k\u00f6d\u0151ek legyenek a foglakoz\u00e1sok, programok.<\/p>\n<p>Sok sz\u00f3 esett a sportr\u00f3l is, a fiatal l\u00e1t\u00e1ss\u00e9r\u00fcltek elmondt\u00e1k, hogy kinek mi a kedvenc sportja, \u00e9s mi az, amit nagyon sz\u00edvesen kipr\u00f3b\u00e1ln\u00e1nak. A s\u00edel\u00e9st hosszabban t\u00e1rgyalt\u00e1k, ez a sport mindenkinek f\u00f6lkeltette az \u00e9rdekl\u0151d\u00e9s\u00e9t, emellett m\u00e9g sz\u00f3 esett a l\u00e1t\u00e1ss\u00e9r\u00fclt szem\u00e9lyek \u00e1ltal j\u00e1tszott ping-pongr\u00f3l: Orsi elmagyar\u00e1zta, hogyan m\u0171k\u00f6dik mivel a r\u00e9szvev\u0151k m\u00e9g ilyet nem pr\u00f3b\u00e1ltak.<\/p>\n<p>Nagyon sok k\u00e9rd\u00e9st kapott a virtu\u00e1lis tal\u00e1lkoz\u00f3 vend\u00e9ge, \u00e9s nagyon nyitottan, nagyon \u0151szint\u00e9n \u00e9s sz\u00edvesen osztotta meg a fiatalokkal a mindennapjait, de m\u00e9g a mag\u00e1n\u00e9let\u00e9tr\u0151l, a p\u00e1rkapcsolat\u00e1r\u00f3l is besz\u00e9lt. Term\u00e9szetesen, nem jutottak a k\u00e9rd\u00e9sek v\u00e9g\u00e9re, hiszen k\u00e9rd\u00e9s k\u00e9rd\u00e9st sz\u00fclt, \u00edgy a k\u00f6vetkez\u0151 megh\u00edvott is N\u00e9met Orsolya, l\u00e1t\u00e1ss\u00e9r\u00fclt pszichol\u00f3gus lesz. K\u00edv\u00e1ncsian v\u00e1rjuk!<\/p>","protected":false},"excerpt":{"rendered":"<p>2020. 08. 06.-\u00e1n tartott\u00e1k a harmadik online tal\u00e1lkoz\u00f3t a fiatal feln\u0151tt l\u00e1t\u00e1ss\u00e9r\u00fcltek, megh\u00edvott vend\u00e9g\u00fck a Magyarorsz\u00e1gon \u00e9l\u0151 \u00e9s dolgoz\u00f3 N\u00e9meth Orsolya, a Magyar Vakok \u00e9s Gyeng\u00e9nl\u00e1t\u00f3k Orsz\u00e1gos Sz\u00f6vets\u00e9g\u00e9nek vezet\u0151 munkat\u00e1rsa volt. Vele m\u00e1r tal\u00e1lkoztak a fiatalok a m\u00falt \u00e9vi t\u00e1borban, \u00e9s a m\u00falt \u0151szi Feh\u00e9r Bot napj\u00e1t is egy\u00fctt t\u00f6lthett\u00e9k Sz\u00e9kelyudvarhelyen. Ezt az online tal\u00e1lkoz\u00f3t [&hellip;]<\/p>\n","protected":false},"author":2,"featured_media":730,"comment_status":"closed","ping_status":"closed","sticky":false,"template":"","format":"standard","meta":{"_acf_changed":false,"footnotes":""},"categories":[1],"tags":[],"class_list":["post-729","post","type-post","status-publish","format-standard","has-post-thumbnail","hentry","category-blog"],"acf":[],"_links":{"self":[{"href":"https:\/\/erdelyivakiskola.org\/hu\/wp-json\/wp\/v2\/posts\/729","targetHints":{"allow":["GET"]}}],"collection":[{"href":"https:\/\/erdelyivakiskola.org\/hu\/wp-json\/wp\/v2\/posts"}],"about":[{"href":"https:\/\/erdelyivakiskola.org\/hu\/wp-json\/wp\/v2\/types\/post"}],"author":[{"embeddable":true,"href":"https:\/\/erdelyivakiskola.org\/hu\/wp-json\/wp\/v2\/users\/2"}],"replies":[{"embeddable":true,"href":"https:\/\/erdelyivakiskola.org\/hu\/wp-json\/wp\/v2\/comments?post=729"}],"version-history":[{"count":5,"href":"https:\/\/erdelyivakiskola.org\/hu\/wp-json\/wp\/v2\/posts\/729\/revisions"}],"predecessor-version":[{"id":2705,"href":"https:\/\/erdelyivakiskola.org\/hu\/wp-json\/wp\/v2\/posts\/729\/revisions\/2705"}],"wp:featuredmedia":[{"embeddable":true,"href":"https:\/\/erdelyivakiskola.org\/hu\/wp-json\/wp\/v2\/media\/730"}],"wp:attachment":[{"href":"https:\/\/erdelyivakiskola.org\/hu\/wp-json\/wp\/v2\/media?parent=729"}],"wp:term":[{"taxonomy":"category","embeddable":true,"href":"https:\/\/erdelyivakiskola.org\/hu\/wp-json\/wp\/v2\/categories?post=729"},{"taxonomy":"post_tag","embeddable":true,"href":"https:\/\/erdelyivakiskola.org\/hu\/wp-json\/wp\/v2\/tags?post=729"}],"curies":[{"name":"wp","href":"https:\/\/api.w.org\/{rel}","templated":true}]}}