{"id":3143,"date":"2024-09-12T10:14:09","date_gmt":"2024-09-12T08:14:09","guid":{"rendered":"https:\/\/erdelyivakiskola.org\/?p=3143"},"modified":"2024-09-18T11:01:59","modified_gmt":"2024-09-18T09:01:59","slug":"magyar-tanulni-mentek","status":"publish","type":"post","link":"https:\/\/erdelyivakiskola.org\/hu\/magyar-tanulni-mentek\/","title":{"rendered":"Tanulni mentek"},"content":{"rendered":"<p>B\u00fcszk\u00e9k vagyunk Szend\u00e9re \u00e9s D\u00e1vidra, hogy az idei tan\u00e9vet Budapesten a <span class=\"html-span xdj266r x11i5rnm xat24cr x1mh8g0r xexx8yu x4uap5 x18d9i69 xkhd6sd x1hl2dhg x16tdsg8 x1vvkbs\"><span class=\"xt0psk2\">Vakok<\/span><\/span> Iskol\u00e1j\u00e1ban kezdt\u00e9k el. K\u00e9t nagyon intelligens, karak\u00e1n, kreat\u00edv l\u00e1t\u00e1ss\u00e9r\u00fclt fiatalr\u00f3l van sz\u00f3, akik az itthon oktat\u00e1si rendszerben csak elkall\u00f3dtak volna.<\/p>\n<p><a href=\"https:\/\/erdelyivakiskola.org\/wp-content\/uploads\/2024\/09\/458256847_819634113689545_8355257667887339327_n.jpg\"><img loading=\"lazy\" decoding=\"async\" class=\"alignnone wp-image-3144\" src=\"https:\/\/erdelyivakiskola.org\/wp-content\/uploads\/2024\/09\/458256847_819634113689545_8355257667887339327_n-300x225.jpg\" alt=\"\" width=\"400\" height=\"300\" srcset=\"https:\/\/erdelyivakiskola.org\/wp-content\/uploads\/2024\/09\/458256847_819634113689545_8355257667887339327_n-300x225.jpg 300w, https:\/\/erdelyivakiskola.org\/wp-content\/uploads\/2024\/09\/458256847_819634113689545_8355257667887339327_n-1024x768.jpg 1024w, https:\/\/erdelyivakiskola.org\/wp-content\/uploads\/2024\/09\/458256847_819634113689545_8355257667887339327_n-768x576.jpg 768w, https:\/\/erdelyivakiskola.org\/wp-content\/uploads\/2024\/09\/458256847_819634113689545_8355257667887339327_n-1536x1152.jpg 1536w, https:\/\/erdelyivakiskola.org\/wp-content\/uploads\/2024\/09\/458256847_819634113689545_8355257667887339327_n.jpg 1632w\" sizes=\"auto, (max-width: 400px) 100vw, 400px\" \/><\/a> <a href=\"https:\/\/erdelyivakiskola.org\/wp-content\/uploads\/2024\/09\/456281613_122165855540045296_2334635116462509912_n.jpg\"><img loading=\"lazy\" decoding=\"async\" class=\"alignnone wp-image-3145 size-medium\" src=\"https:\/\/erdelyivakiskola.org\/wp-content\/uploads\/2024\/09\/456281613_122165855540045296_2334635116462509912_n-300x300.jpg\" alt=\"\" width=\"300\" height=\"300\" srcset=\"https:\/\/erdelyivakiskola.org\/wp-content\/uploads\/2024\/09\/456281613_122165855540045296_2334635116462509912_n-300x300.jpg 300w, https:\/\/erdelyivakiskola.org\/wp-content\/uploads\/2024\/09\/456281613_122165855540045296_2334635116462509912_n-1024x1024.jpg 1024w, https:\/\/erdelyivakiskola.org\/wp-content\/uploads\/2024\/09\/456281613_122165855540045296_2334635116462509912_n-150x150.jpg 150w, https:\/\/erdelyivakiskola.org\/wp-content\/uploads\/2024\/09\/456281613_122165855540045296_2334635116462509912_n-768x768.jpg 768w, https:\/\/erdelyivakiskola.org\/wp-content\/uploads\/2024\/09\/456281613_122165855540045296_2334635116462509912_n-1536x1536.jpg 1536w, https:\/\/erdelyivakiskola.org\/wp-content\/uploads\/2024\/09\/456281613_122165855540045296_2334635116462509912_n.jpg 2048w\" sizes=\"auto, (max-width: 300px) 100vw, 300px\" \/><\/a><\/p>\n<p>\u00cdgy es\u00e9lyt kapnak ahhoz, hogy &#8211; sok szorgalommal, kitart\u00e1ssal \u00e9s m\u00e9g t\u00f6bb seg\u00edts\u00e9ggel &#8211; teljes \u00e9letet \u00e9lhessenek: szakm\u00e1val, \u00e9retts\u00e9givel, egyetemi diplom\u00e1val, perspekt\u00edv\u00e1val. Nem lesz k\u00f6nny\u0171 sem nekik, sem az itthon maradt csal\u00e1doknak. Igyeksz\u00fcnk mellett\u00fck \u00e1llni, mindenben seg\u00edteni \u0151ket.<\/p>\n<p><a href=\"https:\/\/erdelyivakiskola.org\/wp-content\/uploads\/2024\/09\/458215840_819634170356206_8037582984065741242_n.jpg\"><img loading=\"lazy\" decoding=\"async\" class=\"alignnone wp-image-3146\" src=\"https:\/\/erdelyivakiskola.org\/wp-content\/uploads\/2024\/09\/458215840_819634170356206_8037582984065741242_n-225x300.jpg\" alt=\"\" width=\"249\" height=\"332\" srcset=\"https:\/\/erdelyivakiskola.org\/wp-content\/uploads\/2024\/09\/458215840_819634170356206_8037582984065741242_n-225x300.jpg 225w, https:\/\/erdelyivakiskola.org\/wp-content\/uploads\/2024\/09\/458215840_819634170356206_8037582984065741242_n-768x1024.jpg 768w, https:\/\/erdelyivakiskola.org\/wp-content\/uploads\/2024\/09\/458215840_819634170356206_8037582984065741242_n-1152x1536.jpg 1152w, https:\/\/erdelyivakiskola.org\/wp-content\/uploads\/2024\/09\/458215840_819634170356206_8037582984065741242_n.jpg 1200w\" sizes=\"auto, (max-width: 249px) 100vw, 249px\" \/><\/a> <a href=\"https:\/\/erdelyivakiskola.org\/wp-content\/uploads\/2024\/09\/458399967_819634103689546_6733535582388433748_n.jpg\"><img loading=\"lazy\" decoding=\"async\" class=\"alignnone wp-image-3147\" src=\"https:\/\/erdelyivakiskola.org\/wp-content\/uploads\/2024\/09\/458399967_819634103689546_6733535582388433748_n-300x225.jpg\" alt=\"\" width=\"444\" height=\"333\" srcset=\"https:\/\/erdelyivakiskola.org\/wp-content\/uploads\/2024\/09\/458399967_819634103689546_6733535582388433748_n-300x225.jpg 300w, https:\/\/erdelyivakiskola.org\/wp-content\/uploads\/2024\/09\/458399967_819634103689546_6733535582388433748_n-1024x768.jpg 1024w, https:\/\/erdelyivakiskola.org\/wp-content\/uploads\/2024\/09\/458399967_819634103689546_6733535582388433748_n-768x576.jpg 768w, https:\/\/erdelyivakiskola.org\/wp-content\/uploads\/2024\/09\/458399967_819634103689546_6733535582388433748_n-1536x1152.jpg 1536w, https:\/\/erdelyivakiskola.org\/wp-content\/uploads\/2024\/09\/458399967_819634103689546_6733535582388433748_n.jpg 1632w\" sizes=\"auto, (max-width: 444px) 100vw, 444px\" \/><\/a><\/p>\n<div dir=\"auto\">H\u00e1l\u00e1sak vagyunk a <span class=\"html-span xdj266r x11i5rnm xat24cr x1mh8g0r xexx8yu x4uap5 x18d9i69 xkhd6sd x1hl2dhg x16tdsg8 x1vvkbs\"><span class=\"xt0psk2\">Magyar L\u00e1t\u00e1ss\u00e9r\u00fclteknek Magyar Iskol\u00e1t Alap\u00edtv\u00e1ny<\/span><\/span>nak \u00e9s Sulyok P\u00e9ternek, hogy mentorai lesznek a gyerekeknek. K\u00f6sz\u00f6nj\u00fck a <span class=\"html-span xdj266r x11i5rnm xat24cr x1mh8g0r xexx8yu x4uap5 x18d9i69 xkhd6sd x1hl2dhg x16tdsg8 x1vvkbs\"><span class=\"xt0psk2\">Vakok Iskol\u00e1ja<\/span><\/span> vezet\u0151s\u00e9g\u00e9nek a hathat\u00f3s seg\u00edts\u00e9g\u00e9t, k\u00fcl\u00f6n k\u00f6sz\u00f6nj\u00fck Somorjai \u00c1gnes igazgat\u00f3n\u0151nek \u00e9s Szemerei \u00c9va szakmai vezet\u0151nek a folyamat v\u00e9gigk\u00eds\u00e9r\u00e9s\u00e9t. K\u00f6sz\u00f6nj\u00fck a F\u0151v\u00e1rosi Pedag\u00f3giai Szakszolg\u00e1lat rugalmass\u00e1g\u00e1t.<\/div>\n<div dir=\"auto\">Szende \u00e9s D\u00e1vid: sok-sok er\u0151t, kitart\u00e1st k\u00edv\u00e1nunk nektek! Nem lesz k\u00f6nny\u0171, de ismer\u00fcnk benneteket, tudjuk, hogy az itthon l\u00e1tott\/tanult gyalogj\u00e1r\u00f3 paraszti \u00e9sszel, kitart\u00e1ssal, term\u00e9szetes intelligenci\u00e1val, megk\u00fczd\u00e9si mint\u00e1kkal \u00e9s sok humorral mindent meg fogtok tudni oldani. Ha v\u00e9letlen\u00fcl m\u00e9g sem siker\u00fclne minden, h\u00e1t ott vannak a tan\u00e1rok, pedag\u00f3gusok, nevel\u0151k \u00e9s minden rend\u0171 \u00e9s rang\u00fa tanult feln\u0151tt, akik majd seg\u00edtenek nektek. A munk\u00e1nak mindig eredm\u00e9nye van, a szorgalom meghozza gy\u00fcm\u00f6lcs\u00e9t. Szende meg is \u00edg\u00e9rte, hogy &#8222;visszaj\u00f6v\u00f6k \u00e9n \u00e9s tan\u00e1r lesz bel\u0151lem&#8221;. A szav\u00e1n fogjuk.<\/div>\n<p>&nbsp;<\/p>","protected":false},"excerpt":{"rendered":"<p>B\u00fcszk\u00e9k vagyunk Szend\u00e9re \u00e9s D\u00e1vidra, hogy az idei tan\u00e9vet Budapesten a Vakok Iskol\u00e1j\u00e1ban kezdt\u00e9k el. K\u00e9t nagyon intelligens, karak\u00e1n, kreat\u00edv l\u00e1t\u00e1ss\u00e9r\u00fclt fiatalr\u00f3l van sz\u00f3, akik az itthon oktat\u00e1si rendszerben csak elkall\u00f3dtak volna. \u00cdgy es\u00e9lyt kapnak ahhoz, hogy &#8211; sok szorgalommal, kitart\u00e1ssal \u00e9s m\u00e9g t\u00f6bb seg\u00edts\u00e9ggel &#8211; teljes \u00e9letet \u00e9lhessenek: szakm\u00e1val, \u00e9retts\u00e9givel, egyetemi diplom\u00e1val, perspekt\u00edv\u00e1val. Nem [&hellip;]<\/p>\n","protected":false},"author":2,"featured_media":3144,"comment_status":"closed","ping_status":"closed","sticky":false,"template":"","format":"standard","meta":{"_acf_changed":false,"footnotes":""},"categories":[1],"tags":[],"class_list":["post-3143","post","type-post","status-publish","format-standard","has-post-thumbnail","hentry","category-blog"],"acf":[],"_links":{"self":[{"href":"https:\/\/erdelyivakiskola.org\/hu\/wp-json\/wp\/v2\/posts\/3143","targetHints":{"allow":["GET"]}}],"collection":[{"href":"https:\/\/erdelyivakiskola.org\/hu\/wp-json\/wp\/v2\/posts"}],"about":[{"href":"https:\/\/erdelyivakiskola.org\/hu\/wp-json\/wp\/v2\/types\/post"}],"author":[{"embeddable":true,"href":"https:\/\/erdelyivakiskola.org\/hu\/wp-json\/wp\/v2\/users\/2"}],"replies":[{"embeddable":true,"href":"https:\/\/erdelyivakiskola.org\/hu\/wp-json\/wp\/v2\/comments?post=3143"}],"version-history":[{"count":3,"href":"https:\/\/erdelyivakiskola.org\/hu\/wp-json\/wp\/v2\/posts\/3143\/revisions"}],"predecessor-version":[{"id":3150,"href":"https:\/\/erdelyivakiskola.org\/hu\/wp-json\/wp\/v2\/posts\/3143\/revisions\/3150"}],"wp:featuredmedia":[{"embeddable":true,"href":"https:\/\/erdelyivakiskola.org\/hu\/wp-json\/wp\/v2\/media\/3144"}],"wp:attachment":[{"href":"https:\/\/erdelyivakiskola.org\/hu\/wp-json\/wp\/v2\/media?parent=3143"}],"wp:term":[{"taxonomy":"category","embeddable":true,"href":"https:\/\/erdelyivakiskola.org\/hu\/wp-json\/wp\/v2\/categories?post=3143"},{"taxonomy":"post_tag","embeddable":true,"href":"https:\/\/erdelyivakiskola.org\/hu\/wp-json\/wp\/v2\/tags?post=3143"}],"curies":[{"name":"wp","href":"https:\/\/api.w.org\/{rel}","templated":true}]}}