{"id":2796,"date":"2023-05-18T08:29:28","date_gmt":"2023-05-18T06:29:28","guid":{"rendered":"https:\/\/erdelyivakiskola.org\/?p=2796"},"modified":"2023-05-18T08:57:19","modified_gmt":"2023-05-18T06:57:19","slug":"magyar-a-frankfurti-vilagkiallitas","status":"publish","type":"post","link":"https:\/\/erdelyivakiskola.org\/hu\/magyar-a-frankfurti-vilagkiallitas\/","title":{"rendered":"A frankfurti vil\u00e1gki\u00e1ll\u00edt\u00e1s"},"content":{"rendered":"<p>\u00c9vente megrendez\u00e9sre ker\u00fcl Frankfurtban a vakoknak \u00e9s gyeng\u00e9nl\u00e1t\u00f3knak sz\u00e1nt ki\u00e1ll\u00edt\u00e1s. Az idei h\u00e1romnapos esem\u00e9ny k\u00fcl\u00f6nleges volt, mind mennyis\u00e9g\u00e9t, mind min\u0151s\u00e9g\u00e9t tekintve: a t\u00f6bb \u00e9ves k\u00e9nyszersz\u00fcnet ut\u00e1n a megszokottn\u00e1l is j\u00f3val t\u00f6bb l\u00e1t\u00e1s\u00e9r\u00fclt volt k\u00edv\u00e1ncsi a ki\u00e1ll\u00edtott seg\u00e9deszk\u00f6z\u00f6kre, az \u00faj tal\u00e1lm\u00e1nyokra, protot\u00edpusokra, a modernebb \u00e9s jobb digit\u00e1lis seg\u00e9deszk\u00f6z\u00f6kre.<\/p>\n<p><a href=\"https:\/\/erdelyivakiskola.org\/wp-content\/uploads\/2023\/05\/346060342_767035918463586_2406022249045764199_n.jpg\"><img loading=\"lazy\" decoding=\"async\" class=\"alignnone wp-image-2798\" src=\"https:\/\/erdelyivakiskola.org\/wp-content\/uploads\/2023\/05\/346060342_767035918463586_2406022249045764199_n-224x300.jpg\" alt=\"Frankfurt k\u00f6zpontja\" width=\"342\" height=\"458\" srcset=\"https:\/\/erdelyivakiskola.org\/wp-content\/uploads\/2023\/05\/346060342_767035918463586_2406022249045764199_n-224x300.jpg 224w, https:\/\/erdelyivakiskola.org\/wp-content\/uploads\/2023\/05\/346060342_767035918463586_2406022249045764199_n-766x1024.jpg 766w, https:\/\/erdelyivakiskola.org\/wp-content\/uploads\/2023\/05\/346060342_767035918463586_2406022249045764199_n-768x1026.jpg 768w, https:\/\/erdelyivakiskola.org\/wp-content\/uploads\/2023\/05\/346060342_767035918463586_2406022249045764199_n-1149x1536.jpg 1149w, https:\/\/erdelyivakiskola.org\/wp-content\/uploads\/2023\/05\/346060342_767035918463586_2406022249045764199_n.jpg 1302w\" sizes=\"auto, (max-width: 342px) 100vw, 342px\" \/><\/a> <a href=\"https:\/\/erdelyivakiskola.org\/wp-content\/uploads\/2023\/05\/346632025_3362794790717428_5943666597243245585_n.jpg\"><img loading=\"lazy\" decoding=\"async\" class=\"alignnone wp-image-2799\" src=\"https:\/\/erdelyivakiskola.org\/wp-content\/uploads\/2023\/05\/346632025_3362794790717428_5943666597243245585_n-224x300.jpg\" alt=\"KAP Europa, a ki\u00e1ll\u00edt\u00e1s helysz\u00edne\" width=\"341\" height=\"456\" srcset=\"https:\/\/erdelyivakiskola.org\/wp-content\/uploads\/2023\/05\/346632025_3362794790717428_5943666597243245585_n-224x300.jpg 224w, https:\/\/erdelyivakiskola.org\/wp-content\/uploads\/2023\/05\/346632025_3362794790717428_5943666597243245585_n-766x1024.jpg 766w, https:\/\/erdelyivakiskola.org\/wp-content\/uploads\/2023\/05\/346632025_3362794790717428_5943666597243245585_n-768x1026.jpg 768w, https:\/\/erdelyivakiskola.org\/wp-content\/uploads\/2023\/05\/346632025_3362794790717428_5943666597243245585_n-1149x1536.jpg 1149w, https:\/\/erdelyivakiskola.org\/wp-content\/uploads\/2023\/05\/346632025_3362794790717428_5943666597243245585_n.jpg 1302w\" sizes=\"auto, (max-width: 341px) 100vw, 341px\" \/><\/a><\/p>\n<p>Sok ezer l\u00e1togat\u00f3, ann\u00e1l t\u00f6bb ki\u00e1ll\u00edtott eszk\u00f6z, sok el\u0151ad\u00e1s: minden ott volt, ami a vakok vil\u00e1g\u00e1ban \u00faj, hasznos, modern, megb\u00edzhat\u00f3 \u00e9s minden esetben seg\u00edts\u00e9g\u00e9re van a felhaszn\u00e1l\u00f3nak. \u00a0J\u00f3 volt itt lenni!<\/p>\n<p><a href=\"https:\/\/erdelyivakiskola.org\/wp-content\/uploads\/2023\/05\/345635410_803315360845835_6936462856902226766_n.jpg\"><img loading=\"lazy\" decoding=\"async\" class=\"alignnone wp-image-2800\" src=\"https:\/\/erdelyivakiskola.org\/wp-content\/uploads\/2023\/05\/345635410_803315360845835_6936462856902226766_n-224x300.jpg\" alt=\"Braille nyomtat\u00f3\" width=\"245\" height=\"328\" srcset=\"https:\/\/erdelyivakiskola.org\/wp-content\/uploads\/2023\/05\/345635410_803315360845835_6936462856902226766_n-224x300.jpg 224w, https:\/\/erdelyivakiskola.org\/wp-content\/uploads\/2023\/05\/345635410_803315360845835_6936462856902226766_n-766x1024.jpg 766w, https:\/\/erdelyivakiskola.org\/wp-content\/uploads\/2023\/05\/345635410_803315360845835_6936462856902226766_n-768x1026.jpg 768w, https:\/\/erdelyivakiskola.org\/wp-content\/uploads\/2023\/05\/345635410_803315360845835_6936462856902226766_n-1149x1536.jpg 1149w, https:\/\/erdelyivakiskola.org\/wp-content\/uploads\/2023\/05\/345635410_803315360845835_6936462856902226766_n.jpg 1302w\" sizes=\"auto, (max-width: 245px) 100vw, 245px\" \/><\/a> <a href=\"https:\/\/erdelyivakiskola.org\/wp-content\/uploads\/2023\/05\/345658593_2342042992623973_1614899600666935551_n.jpg\"><img loading=\"lazy\" decoding=\"async\" class=\"alignnone wp-image-2801\" src=\"https:\/\/erdelyivakiskola.org\/wp-content\/uploads\/2023\/05\/345658593_2342042992623973_1614899600666935551_n-300x224.jpg\" alt=\"Sz\u00e1m\u00edt\u00f3g\u00e9p Braille kijelz\u0151vel\" width=\"440\" height=\"328\" srcset=\"https:\/\/erdelyivakiskola.org\/wp-content\/uploads\/2023\/05\/345658593_2342042992623973_1614899600666935551_n-300x224.jpg 300w, https:\/\/erdelyivakiskola.org\/wp-content\/uploads\/2023\/05\/345658593_2342042992623973_1614899600666935551_n-1024x766.jpg 1024w, https:\/\/erdelyivakiskola.org\/wp-content\/uploads\/2023\/05\/345658593_2342042992623973_1614899600666935551_n-768x575.jpg 768w, https:\/\/erdelyivakiskola.org\/wp-content\/uploads\/2023\/05\/345658593_2342042992623973_1614899600666935551_n-1536x1149.jpg 1536w, https:\/\/erdelyivakiskola.org\/wp-content\/uploads\/2023\/05\/345658593_2342042992623973_1614899600666935551_n.jpg 1740w\" sizes=\"auto, (max-width: 440px) 100vw, 440px\" \/><\/a><\/p>\n<p><a href=\"https:\/\/erdelyivakiskola.org\/wp-content\/uploads\/2023\/05\/345642229_267671758993378_4189530159218088107_n.jpg\"><img loading=\"lazy\" decoding=\"async\" class=\"alignnone wp-image-2802\" src=\"https:\/\/erdelyivakiskola.org\/wp-content\/uploads\/2023\/05\/345642229_267671758993378_4189530159218088107_n-224x300.jpg\" alt=\"Term\u00e9szetesen ott volt a BlindShell is\" width=\"342\" height=\"458\" srcset=\"https:\/\/erdelyivakiskola.org\/wp-content\/uploads\/2023\/05\/345642229_267671758993378_4189530159218088107_n-224x300.jpg 224w, https:\/\/erdelyivakiskola.org\/wp-content\/uploads\/2023\/05\/345642229_267671758993378_4189530159218088107_n-766x1024.jpg 766w, https:\/\/erdelyivakiskola.org\/wp-content\/uploads\/2023\/05\/345642229_267671758993378_4189530159218088107_n-768x1026.jpg 768w, https:\/\/erdelyivakiskola.org\/wp-content\/uploads\/2023\/05\/345642229_267671758993378_4189530159218088107_n-1149x1536.jpg 1149w, https:\/\/erdelyivakiskola.org\/wp-content\/uploads\/2023\/05\/345642229_267671758993378_4189530159218088107_n.jpg 1302w\" sizes=\"auto, (max-width: 342px) 100vw, 342px\" \/><\/a> <a href=\"https:\/\/erdelyivakiskola.org\/wp-content\/uploads\/2023\/05\/345641611_765502125048576_6283147157564213663_n.jpg\"><img loading=\"lazy\" decoding=\"async\" class=\"alignnone wp-image-2803\" src=\"https:\/\/erdelyivakiskola.org\/wp-content\/uploads\/2023\/05\/345641611_765502125048576_6283147157564213663_n-224x300.jpg\" alt=\"A BlindShell \u00e9rt\u00e9kes\u00edt\u00e9si igazgat\u00f3j\u00e1val.\" width=\"342\" height=\"458\" srcset=\"https:\/\/erdelyivakiskola.org\/wp-content\/uploads\/2023\/05\/345641611_765502125048576_6283147157564213663_n-224x300.jpg 224w, https:\/\/erdelyivakiskola.org\/wp-content\/uploads\/2023\/05\/345641611_765502125048576_6283147157564213663_n-766x1024.jpg 766w, https:\/\/erdelyivakiskola.org\/wp-content\/uploads\/2023\/05\/345641611_765502125048576_6283147157564213663_n-768x1026.jpg 768w, https:\/\/erdelyivakiskola.org\/wp-content\/uploads\/2023\/05\/345641611_765502125048576_6283147157564213663_n-1149x1536.jpg 1149w, https:\/\/erdelyivakiskola.org\/wp-content\/uploads\/2023\/05\/345641611_765502125048576_6283147157564213663_n.jpg 1302w\" sizes=\"auto, (max-width: 342px) 100vw, 342px\" \/><\/a><\/p>\n<p>&nbsp;<\/p>","protected":false},"excerpt":{"rendered":"<p>\u00c9vente megrendez\u00e9sre ker\u00fcl Frankfurtban a vakoknak \u00e9s gyeng\u00e9nl\u00e1t\u00f3knak sz\u00e1nt ki\u00e1ll\u00edt\u00e1s. Az idei h\u00e1romnapos esem\u00e9ny k\u00fcl\u00f6nleges volt, mind mennyis\u00e9g\u00e9t, mind min\u0151s\u00e9g\u00e9t tekintve: a t\u00f6bb \u00e9ves k\u00e9nyszersz\u00fcnet ut\u00e1n a megszokottn\u00e1l is j\u00f3val t\u00f6bb l\u00e1t\u00e1s\u00e9r\u00fclt volt k\u00edv\u00e1ncsi a ki\u00e1ll\u00edtott seg\u00e9deszk\u00f6z\u00f6kre, az \u00faj tal\u00e1lm\u00e1nyokra, protot\u00edpusokra, a modernebb \u00e9s jobb digit\u00e1lis seg\u00e9deszk\u00f6z\u00f6kre. Sok ezer l\u00e1togat\u00f3, ann\u00e1l t\u00f6bb ki\u00e1ll\u00edtott eszk\u00f6z, sok [&hellip;]<\/p>\n","protected":false},"author":2,"featured_media":2797,"comment_status":"closed","ping_status":"closed","sticky":false,"template":"","format":"standard","meta":{"_acf_changed":false,"footnotes":""},"categories":[1],"tags":[],"class_list":["post-2796","post","type-post","status-publish","format-standard","has-post-thumbnail","hentry","category-blog"],"acf":[],"_links":{"self":[{"href":"https:\/\/erdelyivakiskola.org\/hu\/wp-json\/wp\/v2\/posts\/2796","targetHints":{"allow":["GET"]}}],"collection":[{"href":"https:\/\/erdelyivakiskola.org\/hu\/wp-json\/wp\/v2\/posts"}],"about":[{"href":"https:\/\/erdelyivakiskola.org\/hu\/wp-json\/wp\/v2\/types\/post"}],"author":[{"embeddable":true,"href":"https:\/\/erdelyivakiskola.org\/hu\/wp-json\/wp\/v2\/users\/2"}],"replies":[{"embeddable":true,"href":"https:\/\/erdelyivakiskola.org\/hu\/wp-json\/wp\/v2\/comments?post=2796"}],"version-history":[{"count":3,"href":"https:\/\/erdelyivakiskola.org\/hu\/wp-json\/wp\/v2\/posts\/2796\/revisions"}],"predecessor-version":[{"id":2806,"href":"https:\/\/erdelyivakiskola.org\/hu\/wp-json\/wp\/v2\/posts\/2796\/revisions\/2806"}],"wp:featuredmedia":[{"embeddable":true,"href":"https:\/\/erdelyivakiskola.org\/hu\/wp-json\/wp\/v2\/media\/2797"}],"wp:attachment":[{"href":"https:\/\/erdelyivakiskola.org\/hu\/wp-json\/wp\/v2\/media?parent=2796"}],"wp:term":[{"taxonomy":"category","embeddable":true,"href":"https:\/\/erdelyivakiskola.org\/hu\/wp-json\/wp\/v2\/categories?post=2796"},{"taxonomy":"post_tag","embeddable":true,"href":"https:\/\/erdelyivakiskola.org\/hu\/wp-json\/wp\/v2\/tags?post=2796"}],"curies":[{"name":"wp","href":"https:\/\/api.w.org\/{rel}","templated":true}]}}