{"id":2230,"date":"2022-03-06T19:00:58","date_gmt":"2022-03-06T17:00:58","guid":{"rendered":"https:\/\/erdelyivakiskola.org\/?p=2230"},"modified":"2022-03-07T10:05:48","modified_gmt":"2022-03-07T08:05:48","slug":"magyar-vendegeink-voltak-a-barataink","status":"publish","type":"post","link":"https:\/\/erdelyivakiskola.org\/hu\/magyar-vendegeink-voltak-a-barataink\/","title":{"rendered":"Vend\u00e9geink voltak a bar\u00e1taink"},"content":{"rendered":"<p>\u00d6r\u00f6m\u00fcnkre szolg\u00e1l, hogy 2022 m\u00e1rcius 3-4.\u00e9n magyarorsz\u00e1gi \u201cvakos\u201d, gyakorl\u00f3 szakembereket fogadhattunk a Bartimeus K\u00f6zpontban. Ittl\u00e9t\u00fck sor\u00e1n az erd\u00e9lyi vakiskola oktat\u00e1si &#8211; technikai, akad\u00e1lymentess\u00e9gi \u00e9s m\u0171k\u00f6dtet\u00e9si tan\u00e1csaikkal seg\u00edtettek nek\u00fcnk. Egy olyan int\u00e9zm\u00e9ny l\u00e9trehot\u00e1sa, mint egy bentlak\u00e1sos iskola l\u00e1t\u00e1ss\u00e9r\u00fclt gyerekeknek, sokszoros figyelmet, apr\u00f3l\u00e9kos tervez\u00e9st, a speci\u00e1lis int\u00e9zm\u00e9nyekre vonatkoz\u00f3 t\u00f6rv\u00e9nyek \u00e9s rendeletek ismeret\u00e9t \u00e9s figyelembe v\u00e9tel\u00e9t k\u00edv\u00e1nja meg t\u0151l\u00fcnk. Bar\u00e1taink l\u00e1togat\u00e1sa nagyon eredm\u00e9nyes volt, hiszen t\u00f6bb \u00e9vtizedes tapasztalattal a h\u00e1tuk m\u00f6g\u00f6tt praktikus tan\u00e1csokkal l\u00e1ttak el benn\u00fcnket.<\/p>\n<p><a href=\"https:\/\/erdelyivakiskola.org\/wp-content\/uploads\/2022\/03\/IMG_20220304_100235.jpg\"><img loading=\"lazy\" decoding=\"async\" class=\"alignnone wp-image-2231\" src=\"https:\/\/erdelyivakiskola.org\/wp-content\/uploads\/2022\/03\/IMG_20220304_100235-300x225.jpg\" alt=\"\" width=\"308\" height=\"231\" srcset=\"https:\/\/erdelyivakiskola.org\/wp-content\/uploads\/2022\/03\/IMG_20220304_100235-300x225.jpg 300w, https:\/\/erdelyivakiskola.org\/wp-content\/uploads\/2022\/03\/IMG_20220304_100235-1024x766.jpg 1024w, https:\/\/erdelyivakiskola.org\/wp-content\/uploads\/2022\/03\/IMG_20220304_100235-768x575.jpg 768w, https:\/\/erdelyivakiskola.org\/wp-content\/uploads\/2022\/03\/IMG_20220304_100235-1536x1150.jpg 1536w, https:\/\/erdelyivakiskola.org\/wp-content\/uploads\/2022\/03\/IMG_20220304_100235.jpg 1964w\" sizes=\"auto, (max-width: 308px) 100vw, 308px\" \/><\/a>\u00a0 <a href=\"https:\/\/erdelyivakiskola.org\/wp-content\/uploads\/2022\/03\/IMG_20220304_113324.jpg\"><img loading=\"lazy\" decoding=\"async\" class=\"alignnone wp-image-2232\" src=\"https:\/\/erdelyivakiskola.org\/wp-content\/uploads\/2022\/03\/IMG_20220304_113324-300x224.jpg\" alt=\"\" width=\"309\" height=\"231\" srcset=\"https:\/\/erdelyivakiskola.org\/wp-content\/uploads\/2022\/03\/IMG_20220304_113324-300x224.jpg 300w, https:\/\/erdelyivakiskola.org\/wp-content\/uploads\/2022\/03\/IMG_20220304_113324-1024x766.jpg 1024w, https:\/\/erdelyivakiskola.org\/wp-content\/uploads\/2022\/03\/IMG_20220304_113324-768x574.jpg 768w, https:\/\/erdelyivakiskola.org\/wp-content\/uploads\/2022\/03\/IMG_20220304_113324-1536x1149.jpg 1536w, https:\/\/erdelyivakiskola.org\/wp-content\/uploads\/2022\/03\/IMG_20220304_113324.jpg 1801w\" sizes=\"auto, (max-width: 309px) 100vw, 309px\" \/><\/a><\/p>\n<p><a href=\"https:\/\/erdelyivakiskola.org\/wp-content\/uploads\/2022\/03\/IMG_20220304_122711.jpg\"><img loading=\"lazy\" decoding=\"async\" class=\"alignnone wp-image-2233 size-medium\" src=\"https:\/\/erdelyivakiskola.org\/wp-content\/uploads\/2022\/03\/IMG_20220304_122711-224x300.jpg\" alt=\"\" width=\"224\" height=\"300\" srcset=\"https:\/\/erdelyivakiskola.org\/wp-content\/uploads\/2022\/03\/IMG_20220304_122711-224x300.jpg 224w, https:\/\/erdelyivakiskola.org\/wp-content\/uploads\/2022\/03\/IMG_20220304_122711-766x1024.jpg 766w, https:\/\/erdelyivakiskola.org\/wp-content\/uploads\/2022\/03\/IMG_20220304_122711-768x1026.jpg 768w, https:\/\/erdelyivakiskola.org\/wp-content\/uploads\/2022\/03\/IMG_20220304_122711-1149x1536.jpg 1149w, https:\/\/erdelyivakiskola.org\/wp-content\/uploads\/2022\/03\/IMG_20220304_122711.jpg 1225w\" sizes=\"auto, (max-width: 224px) 100vw, 224px\" \/><\/a>\u00a0 <a href=\"https:\/\/erdelyivakiskola.org\/wp-content\/uploads\/2022\/03\/IMG_20220304_124421.jpg\"><img loading=\"lazy\" decoding=\"async\" class=\"alignnone wp-image-2234\" src=\"https:\/\/erdelyivakiskola.org\/wp-content\/uploads\/2022\/03\/IMG_20220304_124421-300x224.jpg\" alt=\"\" width=\"398\" height=\"297\" srcset=\"https:\/\/erdelyivakiskola.org\/wp-content\/uploads\/2022\/03\/IMG_20220304_124421-300x224.jpg 300w, https:\/\/erdelyivakiskola.org\/wp-content\/uploads\/2022\/03\/IMG_20220304_124421-1024x766.jpg 1024w, https:\/\/erdelyivakiskola.org\/wp-content\/uploads\/2022\/03\/IMG_20220304_124421-768x575.jpg 768w, https:\/\/erdelyivakiskola.org\/wp-content\/uploads\/2022\/03\/IMG_20220304_124421-1536x1149.jpg 1536w, https:\/\/erdelyivakiskola.org\/wp-content\/uploads\/2022\/03\/IMG_20220304_124421.jpg 1637w\" sizes=\"auto, (max-width: 398px) 100vw, 398px\" \/><\/a><\/p>\n<p>Mivel id\u00e9n kezdik meg a sz\u00e9kelyudvarhelyi R\u00e1k\u00f3czi \u00fat rehabilit\u00e1ci\u00f3j\u00e1t, alkalmunk volt tal\u00e1lkozni a Polg\u00e1rmesteri Hivatal r\u00e9sz\u00e9r\u0151l Jakab Attila \u00farral, \u00e9s a R\u00e1k\u00f3czi \u00fat fel\u00faj\u00edt\u00e1s\u00e1t v\u00e9gz\u0151 c\u00e9g m\u00e9rn\u00f6keivel. A fel\u00faj\u00edt\u00e1s sor\u00e1n figyelembe fogj\u00e1k venni, hogy nemsok\u00e1ra a k\u00f6rny\u00e9ken vak gyerekek \u00e9s feln\u0151ttek fognak k\u00f6zlekedni. A rehabilit\u00e1ci\u00f3s k\u00f6rnyezettervez\u0151 szakm\u00e9rn\u00f6k olyan praktikus (\u00e9s a legt\u00f6bb esetben olcs\u00f3), k\u00f6nnyen megval\u00f3s\u00edthat\u00f3 tervez\u00e9si \u00e9s \u00e9p\u00edt\u00e9si tan\u00e1csokkal l\u00e1tott el benn\u00fcnket, amelyek megval\u00f3sul\u00e1s\u00e1val a vakok k\u00f6zleked\u00e9se sokkal biztons\u00e1gosabb\u00e1 \u00e9s k\u00f6nnyebb\u00e9 v\u00e1lik Sz\u00e9kelyudvarhelyen.<\/p>\n<p>Jakab Attila megh\u00edv\u00e1s\u00e1ra megn\u00e9zt\u00fck a Sz\u00e9kelyudvarhely Polg\u00e1rmesteri Hivatalban nemr\u00e9g be\u00e9p\u00edtett vakokat seg\u00edt\u0151 vezet\u0151s\u00e1vot. \u00c9s term\u00e9szetesen, nem hagyhattuk ki a m\u00e9lt\u00e1n h\u00edres \u00e9s sz\u00e9p Szent Istv\u00e1n terem megtekint\u00e9s\u00e9t sem.<\/p>\n<p>K\u00f6sz\u00f6nj\u00fck Jakab Attila \u00farnak, az \u00e9p\u00edt\u00e9szm\u00e9rn\u00f6k\u00f6knek a konstrukt\u00edv tal\u00e1lkoz\u00f3t. \u00c9s term\u00e9szetesen a magyarorsz\u00e1gi szakembereknek is \u0151szint\u00e9n h\u00e1l\u00e1sak vagyunk a seg\u00edt\u0151k\u00e9sz \u00e9s praktikus tan\u00e1csok\u00e9rt: N\u00e9meth Orsoly\u00e1nak, MVGYOSZ (Magyar Vakok \u00e9s Gyeng\u00e9nl\u00e1t\u00f3k Orsz\u00e1gos Sz\u00f6vets\u00e9ge) szakmai vezet\u0151j\u00e9nek, Szemerei \u00c9v\u00e1nak, a budapesti Vakok \u00c1ltal\u00e1nos Iskol\u00e1ja M\u00f3dszertani K\u00f6zpont vezet\u0151j\u00e9nek, Mikola Gy\u00f6ngyv\u00e9rnek, a Buda K\u00f6rny\u00e9ki L\u00e1t\u00e1ss\u00e9r\u00fcltek K\u00f6zhaszn\u00fa Egyes\u00fclet \u00e1ltal m\u0171k\u00f6dtetett Szeml\u00e9letm\u00f3d Rehabilit\u00e1ci\u00f3s K\u00f6zpont szakmai vezet\u0151j\u00e9nek, Babits Bernadettnek, az MVGYOSZ rehabilit\u00e1ci\u00f3s k\u00f6rnyezettervez\u0151 szakm\u00e9rn\u00f6knek \u00e9s Oll\u00e9 Attil\u00e1nak, az MVGYOSZ nemzetk\u00f6zi kapcsolatok\u00e9rt felel\u0151s munkat\u00e1rs\u00e1nak. H\u00e1l\u00e1sak vagyunk, hogy ilyen bar\u00e1taink vannak!<\/p>","protected":false},"excerpt":{"rendered":"<p>\u00d6r\u00f6m\u00fcnkre szolg\u00e1l, hogy 2022 m\u00e1rcius 3-4.\u00e9n magyarorsz\u00e1gi \u201cvakos\u201d, gyakorl\u00f3 szakembereket fogadhattunk a Bartimeus K\u00f6zpontban. Ittl\u00e9t\u00fck sor\u00e1n az erd\u00e9lyi vakiskola oktat\u00e1si &#8211; technikai, akad\u00e1lymentess\u00e9gi \u00e9s m\u0171k\u00f6dtet\u00e9si tan\u00e1csaikkal seg\u00edtettek nek\u00fcnk. Egy olyan int\u00e9zm\u00e9ny l\u00e9trehot\u00e1sa, mint egy bentlak\u00e1sos iskola l\u00e1t\u00e1ss\u00e9r\u00fclt gyerekeknek, sokszoros figyelmet, apr\u00f3l\u00e9kos tervez\u00e9st, a speci\u00e1lis int\u00e9zm\u00e9nyekre vonatkoz\u00f3 t\u00f6rv\u00e9nyek \u00e9s rendeletek ismeret\u00e9t \u00e9s figyelembe v\u00e9tel\u00e9t k\u00edv\u00e1nja meg [&hellip;]<\/p>\n","protected":false},"author":2,"featured_media":2232,"comment_status":"closed","ping_status":"closed","sticky":false,"template":"","format":"standard","meta":{"_acf_changed":false,"footnotes":""},"categories":[1],"tags":[],"class_list":["post-2230","post","type-post","status-publish","format-standard","has-post-thumbnail","hentry","category-blog"],"acf":[],"_links":{"self":[{"href":"https:\/\/erdelyivakiskola.org\/hu\/wp-json\/wp\/v2\/posts\/2230","targetHints":{"allow":["GET"]}}],"collection":[{"href":"https:\/\/erdelyivakiskola.org\/hu\/wp-json\/wp\/v2\/posts"}],"about":[{"href":"https:\/\/erdelyivakiskola.org\/hu\/wp-json\/wp\/v2\/types\/post"}],"author":[{"embeddable":true,"href":"https:\/\/erdelyivakiskola.org\/hu\/wp-json\/wp\/v2\/users\/2"}],"replies":[{"embeddable":true,"href":"https:\/\/erdelyivakiskola.org\/hu\/wp-json\/wp\/v2\/comments?post=2230"}],"version-history":[{"count":4,"href":"https:\/\/erdelyivakiskola.org\/hu\/wp-json\/wp\/v2\/posts\/2230\/revisions"}],"predecessor-version":[{"id":2238,"href":"https:\/\/erdelyivakiskola.org\/hu\/wp-json\/wp\/v2\/posts\/2230\/revisions\/2238"}],"wp:featuredmedia":[{"embeddable":true,"href":"https:\/\/erdelyivakiskola.org\/hu\/wp-json\/wp\/v2\/media\/2232"}],"wp:attachment":[{"href":"https:\/\/erdelyivakiskola.org\/hu\/wp-json\/wp\/v2\/media?parent=2230"}],"wp:term":[{"taxonomy":"category","embeddable":true,"href":"https:\/\/erdelyivakiskola.org\/hu\/wp-json\/wp\/v2\/categories?post=2230"},{"taxonomy":"post_tag","embeddable":true,"href":"https:\/\/erdelyivakiskola.org\/hu\/wp-json\/wp\/v2\/tags?post=2230"}],"curies":[{"name":"wp","href":"https:\/\/api.w.org\/{rel}","templated":true}]}}