{"id":2013,"date":"2021-12-31T11:54:57","date_gmt":"2021-12-31T09:54:57","guid":{"rendered":"https:\/\/erdelyivakiskola.org\/?p=2013"},"modified":"2021-12-31T11:54:57","modified_gmt":"2021-12-31T09:54:57","slug":"magyar-mennybol-az-angyal","status":"publish","type":"post","link":"https:\/\/erdelyivakiskola.org\/hu\/magyar-mennybol-az-angyal\/","title":{"rendered":"Mennyb\u0151l az angyal"},"content":{"rendered":"<p>2021. december 28.\u00e1n \u00fcnnep\u00e9lyes \u00f6sszej\u00f6vetelre ker\u00fclt sor Sz\u00e9kelyudvarhelyen, a Bartimeus K\u00f6zpontban. Vak \u00e9s gyeng\u00e9nl\u00e1t\u00f3 gyerekeket, feln\u0151tteket \u00e9s k\u00eds\u00e9r\u0151iket h\u00edvtunk meg egy k\u00f6tetlen besz\u00e9lget\u00e9sre, bar\u00e1ti tal\u00e1lkoz\u00e1sra. Sz\u00edv\u00fcnkben h\u00e1l\u00e1val sz\u00e1moltunk be az elm\u00falt \u00e9vr\u0151l, az Erd\u00e9lyi Magyar L\u00e1t\u00e1ss\u00e9r\u00fcltek\u00e9rt Egyes\u00fclet tev\u00e9kenys\u00e9g\u00e9r\u0151l, \u00e9s nem utols\u00f3 sorban a terveinkr\u0151l.<span class=\"Apple-converted-space\">\u00a0<\/span><\/p>\n<p>&nbsp;<\/p>\n<p><a href=\"https:\/\/erdelyivakiskola.org\/wp-content\/uploads\/2021\/12\/IMG_20211228_141512.jpg\"><img loading=\"lazy\" decoding=\"async\" class=\"alignnone wp-image-2016 size-medium\" src=\"https:\/\/erdelyivakiskola.org\/wp-content\/uploads\/2021\/12\/IMG_20211228_141512-225x300.jpg\" alt=\"\" width=\"225\" height=\"300\" srcset=\"https:\/\/erdelyivakiskola.org\/wp-content\/uploads\/2021\/12\/IMG_20211228_141512-225x300.jpg 225w, https:\/\/erdelyivakiskola.org\/wp-content\/uploads\/2021\/12\/IMG_20211228_141512-766x1024.jpg 766w, https:\/\/erdelyivakiskola.org\/wp-content\/uploads\/2021\/12\/IMG_20211228_141512-768x1026.jpg 768w, https:\/\/erdelyivakiskola.org\/wp-content\/uploads\/2021\/12\/IMG_20211228_141512-1150x1536.jpg 1150w, https:\/\/erdelyivakiskola.org\/wp-content\/uploads\/2021\/12\/IMG_20211228_141512.jpg 1470w\" sizes=\"auto, (max-width: 225px) 100vw, 225px\" \/><\/a>\u00a0 <a href=\"https:\/\/erdelyivakiskola.org\/wp-content\/uploads\/2021\/12\/IMG_20211228_141301.jpg\"><img loading=\"lazy\" decoding=\"async\" class=\"alignnone wp-image-2017\" src=\"https:\/\/erdelyivakiskola.org\/wp-content\/uploads\/2021\/12\/IMG_20211228_141301-300x224.jpg\" alt=\"\" width=\"403\" height=\"301\" srcset=\"https:\/\/erdelyivakiskola.org\/wp-content\/uploads\/2021\/12\/IMG_20211228_141301-300x224.jpg 300w, https:\/\/erdelyivakiskola.org\/wp-content\/uploads\/2021\/12\/IMG_20211228_141301-1024x766.jpg 1024w, https:\/\/erdelyivakiskola.org\/wp-content\/uploads\/2021\/12\/IMG_20211228_141301-768x575.jpg 768w, https:\/\/erdelyivakiskola.org\/wp-content\/uploads\/2021\/12\/IMG_20211228_141301-1536x1149.jpg 1536w, https:\/\/erdelyivakiskola.org\/wp-content\/uploads\/2021\/12\/IMG_20211228_141301-2048x1532.jpg 2048w\" sizes=\"auto, (max-width: 403px) 100vw, 403px\" \/><\/a><\/p>\n<p>&nbsp;<\/p>\n<p>Term\u00e9szetesen, nem maradhatott el az angyalj\u00e1r\u00e1s sem, egy kis csomaggal tudtunk kedveskedni minden jelenl\u00e9v\u0151nek. K\u00f6sz\u00f6nj\u00fck azt a p\u00e1r meghitt \u00f3r\u00e1t mindazoknak, akik megtiszteltek jelenl\u00e9t\u00fckkel!<\/p>\n<p>&nbsp;<\/p>\n<p><a href=\"https:\/\/erdelyivakiskola.org\/wp-content\/uploads\/2021\/12\/IMG_20211228_150326.jpg\"><img loading=\"lazy\" decoding=\"async\" class=\"alignnone wp-image-2020 size-medium\" src=\"https:\/\/erdelyivakiskola.org\/wp-content\/uploads\/2021\/12\/IMG_20211228_150326-224x300.jpg\" alt=\"\" width=\"224\" height=\"300\" srcset=\"https:\/\/erdelyivakiskola.org\/wp-content\/uploads\/2021\/12\/IMG_20211228_150326-224x300.jpg 224w, https:\/\/erdelyivakiskola.org\/wp-content\/uploads\/2021\/12\/IMG_20211228_150326-766x1024.jpg 766w, https:\/\/erdelyivakiskola.org\/wp-content\/uploads\/2021\/12\/IMG_20211228_150326-768x1026.jpg 768w, https:\/\/erdelyivakiskola.org\/wp-content\/uploads\/2021\/12\/IMG_20211228_150326-1149x1536.jpg 1149w, https:\/\/erdelyivakiskola.org\/wp-content\/uploads\/2021\/12\/IMG_20211228_150326-1532x2048.jpg 1532w, https:\/\/erdelyivakiskola.org\/wp-content\/uploads\/2021\/12\/IMG_20211228_150326.jpg 1837w\" sizes=\"auto, (max-width: 224px) 100vw, 224px\" \/><\/a>\u00a0 <a href=\"https:\/\/erdelyivakiskola.org\/wp-content\/uploads\/2021\/12\/IMG_20211228_150343.jpg\"><img loading=\"lazy\" decoding=\"async\" class=\"alignnone wp-image-2021\" src=\"https:\/\/erdelyivakiskola.org\/wp-content\/uploads\/2021\/12\/IMG_20211228_150343-300x224.jpg\" alt=\"\" width=\"402\" height=\"300\" srcset=\"https:\/\/erdelyivakiskola.org\/wp-content\/uploads\/2021\/12\/IMG_20211228_150343-300x224.jpg 300w, https:\/\/erdelyivakiskola.org\/wp-content\/uploads\/2021\/12\/IMG_20211228_150343-1024x766.jpg 1024w, https:\/\/erdelyivakiskola.org\/wp-content\/uploads\/2021\/12\/IMG_20211228_150343-768x575.jpg 768w, https:\/\/erdelyivakiskola.org\/wp-content\/uploads\/2021\/12\/IMG_20211228_150343-1536x1149.jpg 1536w, https:\/\/erdelyivakiskola.org\/wp-content\/uploads\/2021\/12\/IMG_20211228_150343-2048x1532.jpg 2048w\" sizes=\"auto, (max-width: 402px) 100vw, 402px\" \/><\/a><\/p>\n<p>&nbsp;<\/p>\n<p>K\u00f6sz\u00f6nj\u00fck az Udvarhelyi Fatelepnek a feny\u0151f\u00e1t, k\u00f6sz\u00f6nj\u00fck Vass L\u00e1szl\u00f3nak a kar\u00e1csonyfa talpat. \u00c9s k\u00f6sz\u00f6nj\u00fck koll\u00e9g\u00e1iknak a szervez\u00e9st, a sz\u00e9p kar\u00e1csonyf\u00e1t, a p\u00e9lda\u00e9rt\u00e9k\u0171 vend\u00e9gfogad\u00e1st.<\/p>\n<p>&nbsp;<\/p>\n<p><a href=\"https:\/\/erdelyivakiskola.org\/wp-content\/uploads\/2021\/12\/IMG_20211228_145850.jpg\"><img loading=\"lazy\" decoding=\"async\" class=\"alignnone wp-image-2018\" src=\"https:\/\/erdelyivakiskola.org\/wp-content\/uploads\/2021\/12\/IMG_20211228_145850-300x135.jpg\" alt=\"\" width=\"371\" height=\"167\" srcset=\"https:\/\/erdelyivakiskola.org\/wp-content\/uploads\/2021\/12\/IMG_20211228_145850-300x135.jpg 300w, https:\/\/erdelyivakiskola.org\/wp-content\/uploads\/2021\/12\/IMG_20211228_145850-1024x461.jpg 1024w, https:\/\/erdelyivakiskola.org\/wp-content\/uploads\/2021\/12\/IMG_20211228_145850-768x346.jpg 768w, https:\/\/erdelyivakiskola.org\/wp-content\/uploads\/2021\/12\/IMG_20211228_145850-1536x691.jpg 1536w, https:\/\/erdelyivakiskola.org\/wp-content\/uploads\/2021\/12\/IMG_20211228_145850-2048x922.jpg 2048w\" sizes=\"auto, (max-width: 371px) 100vw, 371px\" \/><\/a>\u00a0 <a href=\"https:\/\/erdelyivakiskola.org\/wp-content\/uploads\/2021\/12\/IMG_20211228_150118.jpg\"><img loading=\"lazy\" decoding=\"async\" class=\"alignnone wp-image-2019 size-medium\" src=\"https:\/\/erdelyivakiskola.org\/wp-content\/uploads\/2021\/12\/IMG_20211228_150118-300x169.jpg\" alt=\"\" width=\"300\" height=\"169\" srcset=\"https:\/\/erdelyivakiskola.org\/wp-content\/uploads\/2021\/12\/IMG_20211228_150118-300x169.jpg 300w, https:\/\/erdelyivakiskola.org\/wp-content\/uploads\/2021\/12\/IMG_20211228_150118-1024x576.jpg 1024w, https:\/\/erdelyivakiskola.org\/wp-content\/uploads\/2021\/12\/IMG_20211228_150118-768x432.jpg 768w, https:\/\/erdelyivakiskola.org\/wp-content\/uploads\/2021\/12\/IMG_20211228_150118-1536x864.jpg 1536w, https:\/\/erdelyivakiskola.org\/wp-content\/uploads\/2021\/12\/IMG_20211228_150118-2048x1152.jpg 2048w\" sizes=\"auto, (max-width: 300px) 100vw, 300px\" \/><\/a><\/p>\n<p>&nbsp;<\/p>\n<p>Ez\u00fattal is Boldog \u00daj Esztend\u0151t k\u00edv\u00e1nunk minden egyes bar\u00e1tunknak, t\u00e1mogat\u00f3nknak, k\u00f6vet\u0151nknek, munkat\u00e1rsunknak!<\/p>\n<p>K\u00f6sz\u00f6nj\u00fck!<\/p>","protected":false},"excerpt":{"rendered":"<p>2021. december 28.\u00e1n \u00fcnnep\u00e9lyes \u00f6sszej\u00f6vetelre ker\u00fclt sor Sz\u00e9kelyudvarhelyen, a Bartimeus K\u00f6zpontban. Vak \u00e9s gyeng\u00e9nl\u00e1t\u00f3 gyerekeket, feln\u0151tteket \u00e9s k\u00eds\u00e9r\u0151iket h\u00edvtunk meg egy k\u00f6tetlen besz\u00e9lget\u00e9sre, bar\u00e1ti tal\u00e1lkoz\u00e1sra. Sz\u00edv\u00fcnkben h\u00e1l\u00e1val sz\u00e1moltunk be az elm\u00falt \u00e9vr\u0151l, az Erd\u00e9lyi Magyar L\u00e1t\u00e1ss\u00e9r\u00fcltek\u00e9rt Egyes\u00fclet tev\u00e9kenys\u00e9g\u00e9r\u0151l, \u00e9s nem utols\u00f3 sorban a terveinkr\u0151l.\u00a0 &nbsp; \u00a0 &nbsp; Term\u00e9szetesen, nem maradhatott el az angyalj\u00e1r\u00e1s sem, egy [&hellip;]<\/p>\n","protected":false},"author":2,"featured_media":2015,"comment_status":"closed","ping_status":"closed","sticky":false,"template":"","format":"standard","meta":{"_acf_changed":false,"footnotes":""},"categories":[1],"tags":[],"class_list":["post-2013","post","type-post","status-publish","format-standard","has-post-thumbnail","hentry","category-blog"],"acf":[],"_links":{"self":[{"href":"https:\/\/erdelyivakiskola.org\/hu\/wp-json\/wp\/v2\/posts\/2013","targetHints":{"allow":["GET"]}}],"collection":[{"href":"https:\/\/erdelyivakiskola.org\/hu\/wp-json\/wp\/v2\/posts"}],"about":[{"href":"https:\/\/erdelyivakiskola.org\/hu\/wp-json\/wp\/v2\/types\/post"}],"author":[{"embeddable":true,"href":"https:\/\/erdelyivakiskola.org\/hu\/wp-json\/wp\/v2\/users\/2"}],"replies":[{"embeddable":true,"href":"https:\/\/erdelyivakiskola.org\/hu\/wp-json\/wp\/v2\/comments?post=2013"}],"version-history":[{"count":1,"href":"https:\/\/erdelyivakiskola.org\/hu\/wp-json\/wp\/v2\/posts\/2013\/revisions"}],"predecessor-version":[{"id":2022,"href":"https:\/\/erdelyivakiskola.org\/hu\/wp-json\/wp\/v2\/posts\/2013\/revisions\/2022"}],"wp:featuredmedia":[{"embeddable":true,"href":"https:\/\/erdelyivakiskola.org\/hu\/wp-json\/wp\/v2\/media\/2015"}],"wp:attachment":[{"href":"https:\/\/erdelyivakiskola.org\/hu\/wp-json\/wp\/v2\/media?parent=2013"}],"wp:term":[{"taxonomy":"category","embeddable":true,"href":"https:\/\/erdelyivakiskola.org\/hu\/wp-json\/wp\/v2\/categories?post=2013"},{"taxonomy":"post_tag","embeddable":true,"href":"https:\/\/erdelyivakiskola.org\/hu\/wp-json\/wp\/v2\/tags?post=2013"}],"curies":[{"name":"wp","href":"https:\/\/api.w.org\/{rel}","templated":true}]}}