{"id":1720,"date":"2021-11-21T13:39:04","date_gmt":"2021-11-21T11:39:04","guid":{"rendered":"https:\/\/erdelyivakiskola.org\/?p=1720"},"modified":"2023-01-18T11:29:40","modified_gmt":"2023-01-18T09:29:40","slug":"magyar-a-bartimeus-kozpont","status":"publish","type":"post","link":"https:\/\/erdelyivakiskola.org\/hu\/magyar-a-bartimeus-kozpont\/","title":{"rendered":"A Bartimeus K\u00f6zpont"},"content":{"rendered":"<p>2021 november 18-\u00e1n hivatalosan is megalakult Sz\u00e9kelyudvarhelyen a rom\u00e1niai magyar anyanyelv\u0171 l\u00e1t\u00e1ss\u00e9r\u00fclteket kiszolg\u00e1l\u00f3 int\u00e9zm\u00e9ny, a Bartimeus K\u00f6zpont. Az int\u00e9zm\u00e9ny deklar\u00e1lt tev\u00e9kenys\u00e9gei \u00e9s szolg\u00e1ltat\u00e1sai k\u00f6z\u00e9 tartozik a speci\u00e1lis, bentlak\u00e1sos magyar tannyelv\u0171 iskola \u00e9s az elemi rehabilit\u00e1ci\u00f3s k\u00f6zpont. Az int\u00e9zm\u00e9ny falai k\u00f6z\u00f6tt helyet kap t\u00f6bbek k\u00f6z\u00f6tt seg\u00e9deszk\u00f6zbolt, eszk\u00f6z k\u00f6lcs\u00f6nz\u0151, Braille k\u00f6nyvt\u00e1r, hangosk\u00f6nyvt\u00e1r, \u00a0Braille nyomda, inform\u00e1ci\u00f3s k\u00f6zpont illetve minden olyan eszk\u00f6zt \u00e9s egy\u00e9b szolg\u00e1ltat\u00e1st rendelkez\u00e9sre k\u00edv\u00e1nunk bocs\u00e1tani, mely seg\u00edts\u00e9g\u00e9re lehet a Rom\u00e1ni\u00e1ban \u00e9l\u0151 magyar ajk\u00fa vakoknak, alig- \u00e9s gyeng\u00e9nl\u00e1t\u00f3knak. A K\u00f6zponton kereszt\u00fcl el\u00e9rhet\u0151v\u00e9 v\u00e1lnak az MVGYOSZ (Magyar Vakok \u00e9s Gyeng\u00e9nl\u00e1t\u00f3k Orsz\u00e1gos Sz\u00f6vets\u00e9ge) online szolg\u00e1ltat\u00e1sai is. Ugyanakkor lakhat\u00e1st \u00e9s sz\u00e1ll\u00e1shelyet biztos\u00edtunk a vend\u00e9gtan\u00e1roknak, utaz\u00f3tan\u00e1roknak, gy\u00f3gypedag\u00f3gusoknak, \u00e9s<span class=\"Apple-converted-space\">\u00a0 <\/span>minden olyan szakembernek, akik akt\u00edvan r\u00e9szt vesznek a Bartimeus K\u00f6zpont elind\u00edt\u00e1s\u00e1ban, m\u0171k\u00f6dtet\u00e9s\u00e9ben, a szolg\u00e1ltat\u00e1sok magas szinten tart\u00e1s\u00e1ban.<\/p>\n<p>&nbsp;<\/p>\n<p><a href=\"https:\/\/erdelyivakiskola.org\/wp-content\/uploads\/2021\/11\/257940606_591303025411148_8584642544702865648_n.jpg\"><img loading=\"lazy\" decoding=\"async\" class=\"alignnone wp-image-1722\" src=\"https:\/\/erdelyivakiskola.org\/wp-content\/uploads\/2021\/11\/257940606_591303025411148_8584642544702865648_n-215x300.jpg\" alt=\"Alap\u00edt\u00f3 Okirat Bartimeus K\u00f6zponz\" width=\"227\" height=\"317\" srcset=\"https:\/\/erdelyivakiskola.org\/wp-content\/uploads\/2021\/11\/257940606_591303025411148_8584642544702865648_n-215x300.jpg 215w, https:\/\/erdelyivakiskola.org\/wp-content\/uploads\/2021\/11\/257940606_591303025411148_8584642544702865648_n.jpg 577w\" sizes=\"auto, (max-width: 227px) 100vw, 227px\" \/><\/a>\u00a0 <a href=\"https:\/\/erdelyivakiskola.org\/wp-content\/uploads\/2021\/11\/borito7-2-scaled-1-scaled.jpg\"><img loading=\"lazy\" decoding=\"async\" class=\"alignnone wp-image-1723\" src=\"https:\/\/erdelyivakiskola.org\/wp-content\/uploads\/2021\/11\/borito7-2-scaled-1-300x200.jpg\" alt=\"\" width=\"471\" height=\"314\" srcset=\"https:\/\/erdelyivakiskola.org\/wp-content\/uploads\/2021\/11\/borito7-2-scaled-1-300x200.jpg 300w, https:\/\/erdelyivakiskola.org\/wp-content\/uploads\/2021\/11\/borito7-2-scaled-1-1024x683.jpg 1024w, https:\/\/erdelyivakiskola.org\/wp-content\/uploads\/2021\/11\/borito7-2-scaled-1-768x512.jpg 768w, https:\/\/erdelyivakiskola.org\/wp-content\/uploads\/2021\/11\/borito7-2-scaled-1-1536x1024.jpg 1536w, https:\/\/erdelyivakiskola.org\/wp-content\/uploads\/2021\/11\/borito7-2-scaled-1-2048x1365.jpg 2048w\" sizes=\"auto, (max-width: 471px) 100vw, 471px\" \/><\/a><\/p>\n<p>&nbsp;<\/p>\n<p>A Bartimeus K\u00f6zpont k\u00f6zel egy hekt\u00e1ron l\u00e9v\u0151 \u00e9p\u00fcletegy\u00fcttes az Ikos-Conf k\u00e9szruhagy\u00e1r k\u00f6zvetlen szomsz\u00e9ds\u00e1g\u00e1ban. Az ingatlant az Erd\u00e9lyi Reform\u00e1tus Egyh\u00e1zker\u00fclet (EREK) v\u00e1s\u00e1rolta meg Magyarorsz\u00e1g Korm\u00e1ny\u00e1nak t\u00e1mogat\u00e1s\u00e1b\u00f3l. A c\u00e9lingatlanok az EREK tulajdon\u00e1ban maradnak, melyeket hossz\u00fat\u00e1v\u00fa haszn\u00e1latra az Erd\u00e9lyi Magyar L\u00e1t\u00e1ss\u00e9r\u00fcltek\u00e9rt Egyes\u00fcletnek adtak \u00e1t. A f\u0151\u00e9p\u00fcletben a bentlak\u00e1s \u00e9s p\u00e1r tanterem lesz kialak\u00edtva, ahol az elemi oszt\u00e1lyos gyerekek fognak tanulni, a t\u00f6bbi \u00e9p\u00fclet is megkapja id\u0151vel a funkci\u00f3j\u00e1t. A bentlak\u00e1s \u00e9p\u00fclet\u00e9t fel kell k\u00e9sz\u00edteni a speci\u00e1lis ig\u00e9ny\u0171 gyerekek fogad\u00e1s\u00e1ra, biztons\u00e1gi \u00e1talak\u00edt\u00e1sokra, energetikai lev\u00e1l\u00e1sra \u00e9s korszer\u0171s\u00edt\u00e9sre, akad\u00e1lymentes\u00edt\u00e9sre, ker\u00edt\u00e9s \u00e9p\u00edt\u00e9s\u00e9re, az udvar gyepes\u00edt\u00e9s\u00e9re, \u00e9s m\u00e9g sok egy\u00e9b munk\u00e1latra van felt\u00e9tlen\u00fcl sz\u00fcks\u00e9g. Ennek becs\u00fclt \u00e9rt\u00e9ke t\u00f6bb sz\u00e1zezer eur\u00f3ra r\u00fag, mely \u00f6sszeget a lehet\u0151 leghamarabb el\u0151 kell teremten\u00fcnk.<\/p>\n<p>&nbsp;<\/p>\n<p><a href=\"https:\/\/erdelyivakiskola.org\/wp-content\/uploads\/2021\/11\/bartimeus_kozpont_20211118_DJI_0117.jpg\"><img loading=\"lazy\" decoding=\"async\" class=\"alignnone wp-image-1724\" src=\"https:\/\/erdelyivakiskola.org\/wp-content\/uploads\/2021\/11\/bartimeus_kozpont_20211118_DJI_0117-300x200.jpg\" alt=\"A k\u00f6zponti \u00e9p\u00fclet\" width=\"351\" height=\"234\" srcset=\"https:\/\/erdelyivakiskola.org\/wp-content\/uploads\/2021\/11\/bartimeus_kozpont_20211118_DJI_0117-300x200.jpg 300w, https:\/\/erdelyivakiskola.org\/wp-content\/uploads\/2021\/11\/bartimeus_kozpont_20211118_DJI_0117-1024x682.jpg 1024w, https:\/\/erdelyivakiskola.org\/wp-content\/uploads\/2021\/11\/bartimeus_kozpont_20211118_DJI_0117-768x512.jpg 768w, https:\/\/erdelyivakiskola.org\/wp-content\/uploads\/2021\/11\/bartimeus_kozpont_20211118_DJI_0117-1536x1023.jpg 1536w, https:\/\/erdelyivakiskola.org\/wp-content\/uploads\/2021\/11\/bartimeus_kozpont_20211118_DJI_0117.jpg 2048w\" sizes=\"auto, (max-width: 351px) 100vw, 351px\" \/><\/a>\u00a0 <a href=\"https:\/\/erdelyivakiskola.org\/wp-content\/uploads\/2021\/11\/bartimeus_kozpont_20211118_KGB_0369.jpg\"><img loading=\"lazy\" decoding=\"async\" class=\"alignnone wp-image-1725\" src=\"https:\/\/erdelyivakiskola.org\/wp-content\/uploads\/2021\/11\/bartimeus_kozpont_20211118_KGB_0369-300x200.jpg\" alt=\"\" width=\"353\" height=\"235\" srcset=\"https:\/\/erdelyivakiskola.org\/wp-content\/uploads\/2021\/11\/bartimeus_kozpont_20211118_KGB_0369-300x200.jpg 300w, https:\/\/erdelyivakiskola.org\/wp-content\/uploads\/2021\/11\/bartimeus_kozpont_20211118_KGB_0369-1024x684.jpg 1024w, https:\/\/erdelyivakiskola.org\/wp-content\/uploads\/2021\/11\/bartimeus_kozpont_20211118_KGB_0369-768x513.jpg 768w, https:\/\/erdelyivakiskola.org\/wp-content\/uploads\/2021\/11\/bartimeus_kozpont_20211118_KGB_0369-1536x1025.jpg 1536w, https:\/\/erdelyivakiskola.org\/wp-content\/uploads\/2021\/11\/bartimeus_kozpont_20211118_KGB_0369.jpg 2048w\" sizes=\"auto, (max-width: 353px) 100vw, 353px\" \/><\/a><\/p>\n<p>&nbsp;<\/p>\n<p>A K\u00f6zpont \u00e1tad\u00e1s\u00e1n jelen volt Kat\u00f3 B\u00e9la az Erd\u00e9lyi Reform\u00e1tus Egyh\u00e1zker\u00fclet p\u00fcsp\u00f6ke, Ballai Zolt\u00e1n, az Erd\u00e9lyi Reform\u00e1tus Egyh\u00e1zker\u00fclet Gazdas\u00e1gi \u00dcgyoszt\u00e1ly\u00e1nak el\u0151ad\u00f3-tan\u00e1csosa, G\u00e1lfi \u00c1rp\u00e1d, Sz\u00e9kelyudvarhely polg\u00e1rmestere, az RMDSZ k\u00e9pviselet\u00e9ben Bir\u00f3 Barna Botond, Hargita megye tan\u00e1cs\u00e1nak aleln\u00f6ke, Percze L\u00e1szl\u00f3 konzul, a cs\u00edkszeredai Magyarorsz\u00e1g F\u0151konzul\u00e1tus\u00e1nak k\u00e9pviselet\u00e9ben, illetve T\u0151k\u00e9s Zsolt, az EREK f\u0151gondnoka, a Baczkamadarasi Kis Gergely Reform\u00e1tus Koll\u00e9gium igazgat\u00f3ja, \u00e9s term\u00e9szetesen, az EMLE r\u00e9sz\u00e9r\u0151l koll\u00e9g\u00e1ink: Butu Arnold Csaba eln\u00f6k, M\u00e1t\u00e9 Zsuzsa \u00e9s M\u00e1t\u00e9 Zsolt aleln\u00f6k\u00f6k. Az esem\u00e9nyen sz\u00e1mos helyi \u00e9s megyei sajt\u00f3org\u00e1num munkat\u00e1rsa is r\u00e9szt vett.<\/p>\n<p>&nbsp;<\/p>\n<p><a href=\"https:\/\/erdelyivakiskola.org\/wp-content\/uploads\/2021\/11\/bartimeus_kozpont_20211118_KGB_0363.jpg\">\u00a0 <\/a><a href=\"https:\/\/erdelyivakiskola.org\/wp-content\/uploads\/2021\/11\/bartimeus_kozpont_20211118_KGB_0363.jpg\"><img loading=\"lazy\" decoding=\"async\" class=\"alignnone wp-image-1726\" src=\"https:\/\/erdelyivakiskola.org\/wp-content\/uploads\/2021\/11\/bartimeus_kozpont_20211118_KGB_0363-300x200.jpg\" alt=\"Kat\u00f3 B\u00e9la p\u00fcsp\u00f6k\" width=\"341\" height=\"227\" srcset=\"https:\/\/erdelyivakiskola.org\/wp-content\/uploads\/2021\/11\/bartimeus_kozpont_20211118_KGB_0363-300x200.jpg 300w, https:\/\/erdelyivakiskola.org\/wp-content\/uploads\/2021\/11\/bartimeus_kozpont_20211118_KGB_0363-1024x684.jpg 1024w, https:\/\/erdelyivakiskola.org\/wp-content\/uploads\/2021\/11\/bartimeus_kozpont_20211118_KGB_0363-768x513.jpg 768w, https:\/\/erdelyivakiskola.org\/wp-content\/uploads\/2021\/11\/bartimeus_kozpont_20211118_KGB_0363-1536x1025.jpg 1536w, https:\/\/erdelyivakiskola.org\/wp-content\/uploads\/2021\/11\/bartimeus_kozpont_20211118_KGB_0363.jpg 2048w\" sizes=\"auto, (max-width: 341px) 100vw, 341px\" \/><\/a><a href=\"https:\/\/erdelyivakiskola.org\/wp-content\/uploads\/2021\/11\/bartimeus_kozpont_20211118_KGB_0549.jpg\"><img loading=\"lazy\" decoding=\"async\" class=\"alignnone wp-image-1727\" src=\"https:\/\/erdelyivakiskola.org\/wp-content\/uploads\/2021\/11\/bartimeus_kozpont_20211118_KGB_0549-300x200.jpg\" alt=\"G\u00e1lfi \u00c1rp\u00e1d polg\u00e1rmester\" width=\"340\" height=\"226\" srcset=\"https:\/\/erdelyivakiskola.org\/wp-content\/uploads\/2021\/11\/bartimeus_kozpont_20211118_KGB_0549-300x200.jpg 300w, https:\/\/erdelyivakiskola.org\/wp-content\/uploads\/2021\/11\/bartimeus_kozpont_20211118_KGB_0549-1024x684.jpg 1024w, https:\/\/erdelyivakiskola.org\/wp-content\/uploads\/2021\/11\/bartimeus_kozpont_20211118_KGB_0549-768x513.jpg 768w, https:\/\/erdelyivakiskola.org\/wp-content\/uploads\/2021\/11\/bartimeus_kozpont_20211118_KGB_0549-1536x1025.jpg 1536w, https:\/\/erdelyivakiskola.org\/wp-content\/uploads\/2021\/11\/bartimeus_kozpont_20211118_KGB_0549.jpg 2048w\" sizes=\"auto, (max-width: 340px) 100vw, 340px\" \/><\/a><\/p>\n<p><a href=\"https:\/\/erdelyivakiskola.org\/wp-content\/uploads\/2021\/11\/bartimeus_kozpont_20211118_KGB_0599.jpg\"><img loading=\"lazy\" decoding=\"async\" class=\"alignnone wp-image-1728\" src=\"https:\/\/erdelyivakiskola.org\/wp-content\/uploads\/2021\/11\/bartimeus_kozpont_20211118_KGB_0599-300x200.jpg\" alt=\"Bir\u00f3 Barna Botond megyei aleln\u00f6k\" width=\"345\" height=\"230\" srcset=\"https:\/\/erdelyivakiskola.org\/wp-content\/uploads\/2021\/11\/bartimeus_kozpont_20211118_KGB_0599-300x200.jpg 300w, https:\/\/erdelyivakiskola.org\/wp-content\/uploads\/2021\/11\/bartimeus_kozpont_20211118_KGB_0599-1024x684.jpg 1024w, https:\/\/erdelyivakiskola.org\/wp-content\/uploads\/2021\/11\/bartimeus_kozpont_20211118_KGB_0599-768x513.jpg 768w, https:\/\/erdelyivakiskola.org\/wp-content\/uploads\/2021\/11\/bartimeus_kozpont_20211118_KGB_0599-1536x1025.jpg 1536w, https:\/\/erdelyivakiskola.org\/wp-content\/uploads\/2021\/11\/bartimeus_kozpont_20211118_KGB_0599.jpg 2048w\" sizes=\"auto, (max-width: 345px) 100vw, 345px\" \/><\/a>\u00a0 <a href=\"https:\/\/erdelyivakiskola.org\/wp-content\/uploads\/2021\/11\/bartimeus_kozpont_20211118_KGB_0603.jpg\"><img loading=\"lazy\" decoding=\"async\" class=\"alignnone wp-image-1729\" src=\"https:\/\/erdelyivakiskola.org\/wp-content\/uploads\/2021\/11\/bartimeus_kozpont_20211118_KGB_0603-300x200.jpg\" alt=\"Percze L\u00e1szl\u00f3 konzul\" width=\"345\" height=\"230\" srcset=\"https:\/\/erdelyivakiskola.org\/wp-content\/uploads\/2021\/11\/bartimeus_kozpont_20211118_KGB_0603-300x200.jpg 300w, https:\/\/erdelyivakiskola.org\/wp-content\/uploads\/2021\/11\/bartimeus_kozpont_20211118_KGB_0603-1024x684.jpg 1024w, https:\/\/erdelyivakiskola.org\/wp-content\/uploads\/2021\/11\/bartimeus_kozpont_20211118_KGB_0603-768x513.jpg 768w, https:\/\/erdelyivakiskola.org\/wp-content\/uploads\/2021\/11\/bartimeus_kozpont_20211118_KGB_0603-1536x1025.jpg 1536w, https:\/\/erdelyivakiskola.org\/wp-content\/uploads\/2021\/11\/bartimeus_kozpont_20211118_KGB_0603.jpg 2048w\" sizes=\"auto, (max-width: 345px) 100vw, 345px\" \/><\/a><\/p>\n<p>&nbsp;<\/p>\n<p>A Bartimeus K\u00f6zpont Alap\u00edt\u00f3 Okirat\u00e1nak \u00fcnnep\u00e9lyes \u00e1tad\u00e1sa ut\u00e1n, Kat\u00f3 B\u00e9la p\u00fcsp\u00f6k \u00far visszaeml\u00e9kezett arra, amikor az EMLE megkereste a k\u00e9r\u00e9s\u00e9vel, hogy iskol\u00e1t szeretne l\u00e9trehozni a l\u00e1t\u00e1ss\u00e9r\u00fclt gyerekeknek. Ugyan nem az EREK fogja m\u0171k\u00f6dtetni az erd\u00e9lyi l\u00e1t\u00e1ss\u00e9r\u00fcltek k\u00f6zpontj\u00e1t, de lehet\u0151s\u00e9geik szerint seg\u00edteni k\u00edv\u00e1nj\u00e1k a szakmai munk\u00e1t. G\u00e1lfi \u00c1rp\u00e1d polg\u00e1rmester \u00far a v\u00e1ros t\u00e1mogat\u00e1s\u00e1r\u00f3l biztos\u00edtotta az Erd\u00e9lyi Magyar L\u00e1t\u00e1ss\u00e9r\u00fcltek Egyes\u00fclet\u00e9t, amit a polg\u00e1rmesteri hivatal megtehet, megteszi az \u00fcgy \u00e9rdek\u00e9ben- \u00edg\u00e9rte. Butu Arnold Csaba, az EMLE eln\u00f6ke megk\u00f6sz\u00f6nte az eddigi t\u00e1mogat\u00e1sokat az RMDSZ-Communitas Alap\u00edtv\u00e1nynak, Magyarorsz\u00e1g \u00a0Korm\u00e1ny\u00e1nak, Kat\u00f3 B\u00e9la p\u00fcsp\u00f6k \u00farnak, az eddigi t\u00e1mogat\u00f3knak, hiszen n\u00e9lk\u00fcl\u00fck nem juthattunk volna el eddig. Bir\u00f3 Barna Botond megyei aleln\u00f6k \u00far kiemelte, hogy ilyenkor kap \u00e9rtelmet az a jelmondat, hogy \u201cminden magyar sz\u00e1m\u00edt\u201d. Tov\u00e1bbi t\u00e1mogat\u00e1s\u00e1r\u00f3l biztos\u00edtott az RMDSZ r\u00e9sz\u00e9r\u0151l, er\u0151t \u00e9s kitart\u00e1st k\u00edv\u00e1nt a tov\u00e1bbi munk\u00e1nkhoz. Percze L\u00e1szl\u00f3 konzul \u00far is k\u00f6sz\u00f6nt\u00f6tte az esem\u00e9ny r\u00e9sztvev\u0151it, \u00e9s kijelentette, ahogy eddig, \u00fagy a j\u00f6v\u0151ben is sz\u00e1m\u00edthatunk az anyaorsz\u00e1g seg\u00edts\u00e9g\u00e9re.\u00a0T\u0151k\u00e9s Zsolt igazgat\u00f3 \u00far felaj\u00e1nlotta a Baczkamadarasi Kis Gergely Reform\u00e1tus Koll\u00e9gium, mint anyaint\u00e9zm\u00e9ny, patron\u00e1l\u00e1s\u00e1t \u00e9s seg\u00edts\u00e9g\u00e9t a vakiskola jogi alapjainak \u00e9s st\u00e1tusz\u00e1nak megteremt\u00e9s\u00e9hez.\u00a0Az EREK a Magyarorsz\u00e1gi Reform\u00e1tus Egyh\u00e1z Vakmisszi\u00f3ja r\u00e9v\u00e9n Braille-\u00edr\u00e1sos Bibli\u00e1t aj\u00e1nd\u00e9kozott a megalakult int\u00e9zm\u00e9nynek, tov\u00e1bbi Braille Bibli\u00e1k vannak nyomtat\u00e1s alatt, amelyek ugyancsak a Bartimeus K\u00f6zpont k\u00f6nyvt\u00e1r\u00e1t fogj\u00e1k gazdag\u00edtani.<\/p>\n<p>Az esem\u00e9ny v\u00e9g\u00e9n a sajt\u00f3 munkat\u00e1rsai bej\u00e1rhatt\u00e1k a haszn\u00e1latba kapott ter\u00fcletet.<\/p>\n<p>K\u00f6sz\u00f6nj\u00fck a Varga M\u00e9zesnek \u00e9s a Vekker K\u00e1v\u00e9z\u00f3nak, hogy magas min\u0151s\u00e9g\u0171 term\u00e9keikkel emelt\u00e9k az esem\u00e9ny sz\u00ednvonal\u00e1t. K\u00f6sz\u00f6net \u00e9rte!<\/p>\n<p>H\u00e1l\u00e1s sz\u00edvvel k\u00f6sz\u00f6nj\u00fck a Bethlen G\u00e1bor Alapnak \u00e9s a Communitas Alap\u00edtv\u00e1nynak, hogy t\u00e1mogatta \u00e9s t\u00e1mogatja a m\u0171k\u00f6d\u00e9s\u00fcnket, k\u00f6sz\u00f6nj\u00fck az Erd\u00e9lyi Reform\u00e1tus Egyh\u00e1zker\u00fcletnek, hogy j\u00f3 sz\u00edvvel \u00e9s hathat\u00f3san seg\u00edtett\u00e9k t\u00f6rekv\u00e9seinket, k\u00f6sz\u00f6nj\u00fck Magyarorsz\u00e1g Korm\u00e1ny\u00e1nak a t\u00e1mogat\u00e1s\u00e1t, ami n\u00e9lk\u00fcl az eg\u00e9sz projekt m\u00e9g csak \u00e1lom lenne. \u00c9s k\u00f6sz\u00f6nj\u00fck minden egyes t\u00e1mogat\u00f3nknak, a legkisebb t\u00e1mogat\u00f3t\u00f3l a legnagyobbakig: n\u00e9lk\u00fcl\u00fck nem val\u00f3sulhatna meg ez a jelent\u0151s, nemes \u00e9s nemzeti \u00fcgy. Adom\u00e1nyokat \u00e9s t\u00e1mogat\u00e1sokat tov\u00e1bbra is fogadunk, hiszen ezek n\u00e9lk\u00fcl nem tudjuk megnyitni az erd\u00e9lyi l\u00e1t\u00e1ss\u00e9r\u00fcltek magyar tannyelv\u0171 oktat\u00e1si int\u00e9zm\u00e9ny\u00e9t.<\/p>\n<p>K\u00f6sz\u00f6net \u00e9rte, Isten fizesse!<\/p>","protected":false},"excerpt":{"rendered":"<p>2021 november 18-\u00e1n hivatalosan is megalakult Sz\u00e9kelyudvarhelyen a rom\u00e1niai magyar anyanyelv\u0171 l\u00e1t\u00e1ss\u00e9r\u00fclteket kiszolg\u00e1l\u00f3 int\u00e9zm\u00e9ny, a Bartimeus K\u00f6zpont. Az int\u00e9zm\u00e9ny deklar\u00e1lt tev\u00e9kenys\u00e9gei \u00e9s szolg\u00e1ltat\u00e1sai k\u00f6z\u00e9 tartozik a speci\u00e1lis, bentlak\u00e1sos magyar tannyelv\u0171 iskola \u00e9s az elemi rehabilit\u00e1ci\u00f3s k\u00f6zpont. Az int\u00e9zm\u00e9ny falai k\u00f6z\u00f6tt helyet kap t\u00f6bbek k\u00f6z\u00f6tt seg\u00e9deszk\u00f6zbolt, eszk\u00f6z k\u00f6lcs\u00f6nz\u0151, Braille k\u00f6nyvt\u00e1r, hangosk\u00f6nyvt\u00e1r, \u00a0Braille nyomda, inform\u00e1ci\u00f3s k\u00f6zpont illetve [&hellip;]<\/p>\n","protected":false},"author":2,"featured_media":1721,"comment_status":"closed","ping_status":"closed","sticky":false,"template":"","format":"standard","meta":{"_acf_changed":false,"footnotes":""},"categories":[1],"tags":[],"class_list":["post-1720","post","type-post","status-publish","format-standard","has-post-thumbnail","hentry","category-blog"],"acf":[],"_links":{"self":[{"href":"https:\/\/erdelyivakiskola.org\/hu\/wp-json\/wp\/v2\/posts\/1720","targetHints":{"allow":["GET"]}}],"collection":[{"href":"https:\/\/erdelyivakiskola.org\/hu\/wp-json\/wp\/v2\/posts"}],"about":[{"href":"https:\/\/erdelyivakiskola.org\/hu\/wp-json\/wp\/v2\/types\/post"}],"author":[{"embeddable":true,"href":"https:\/\/erdelyivakiskola.org\/hu\/wp-json\/wp\/v2\/users\/2"}],"replies":[{"embeddable":true,"href":"https:\/\/erdelyivakiskola.org\/hu\/wp-json\/wp\/v2\/comments?post=1720"}],"version-history":[{"count":10,"href":"https:\/\/erdelyivakiskola.org\/hu\/wp-json\/wp\/v2\/posts\/1720\/revisions"}],"predecessor-version":[{"id":2642,"href":"https:\/\/erdelyivakiskola.org\/hu\/wp-json\/wp\/v2\/posts\/1720\/revisions\/2642"}],"wp:featuredmedia":[{"embeddable":true,"href":"https:\/\/erdelyivakiskola.org\/hu\/wp-json\/wp\/v2\/media\/1721"}],"wp:attachment":[{"href":"https:\/\/erdelyivakiskola.org\/hu\/wp-json\/wp\/v2\/media?parent=1720"}],"wp:term":[{"taxonomy":"category","embeddable":true,"href":"https:\/\/erdelyivakiskola.org\/hu\/wp-json\/wp\/v2\/categories?post=1720"},{"taxonomy":"post_tag","embeddable":true,"href":"https:\/\/erdelyivakiskola.org\/hu\/wp-json\/wp\/v2\/tags?post=1720"}],"curies":[{"name":"wp","href":"https:\/\/api.w.org\/{rel}","templated":true}]}}