{"id":1483,"date":"2021-07-14T12:57:45","date_gmt":"2021-07-14T10:57:45","guid":{"rendered":"https:\/\/erdelyivakiskola.org\/?p=1483"},"modified":"2021-10-19T09:32:34","modified_gmt":"2021-10-19T07:32:34","slug":"magyar-partnerseg-a-siconomy-val","status":"publish","type":"post","link":"https:\/\/erdelyivakiskola.org\/hu\/magyar-partnerseg-a-siconomy-val\/","title":{"rendered":"Partners\u00e9g a Siconomy-val"},"content":{"rendered":"<p>2021. j\u00falius 13.-\u00e1n partners\u00e9gi meg\u00e1llapod\u00e1st \u00edrt al\u00e1 az Erd\u00e9lyi Magyar L\u00e1t\u00e1ss\u00e9r\u00fcltek\u00e9rt Egyes\u00fclet \u00e9s a <a href=\"https:\/\/siconomy.com\/pages\/timeline\">Siconomy<\/a>\u00a0System SRL.<span class=\"Apple-converted-space\">\u00a0<\/span><\/p>\n<p>Ambrus Levente, a Siconomy t\u00e1rsalap\u00edt\u00f3ja kereste meg egyes\u00fclet\u00fcnket az egy\u00fcttm\u0171k\u00f6d\u00e9s \u00f6tlet\u00e9vel, miut\u00e1n tal\u00e1lkozott a <a href=\"https:\/\/www.facebook.com\/vekkerkavekozosseg\">Vekker<\/a> K\u00e1v\u00e9z\u00f3ban egyik adom\u00e1nygy\u0171jt\u0151 dobozunkkal.<\/p>\n<p>A Siconomy egy dinamikus, akt\u00edv adatb\u00e1zison alapul\u00f3 virtu\u00e1lis k\u00f6z\u00f6ss\u00e9gi platform jogi szem\u00e9lyeknek, v\u00e1llalkoz\u00e1soknak, egyes\u00fcleteknek, szolg\u00e1ltat\u00e1soknak, ahol nagyon k\u00f6nnyen \u00e9s professzion\u00e1lis m\u00f3don tal\u00e1lkozik kereslet \u00e9s k\u00edn\u00e1lat, szolg\u00e1ltat\u00f3 \u00e9s ig\u00e9nybe vev\u0151.<span class=\"Apple-converted-space\">\u00a0<\/span><\/p>\n<p><a href=\"https:\/\/erdelyivakiskola.org\/wp-content\/uploads\/2021\/07\/DSC_0025-scaled.jpg\"><img loading=\"lazy\" decoding=\"async\" class=\"alignnone wp-image-1485\" src=\"https:\/\/erdelyivakiskola.org\/wp-content\/uploads\/2021\/07\/DSC_0025-300x200.jpg\" alt=\"\" width=\"341\" height=\"227\" srcset=\"https:\/\/erdelyivakiskola.org\/wp-content\/uploads\/2021\/07\/DSC_0025-300x200.jpg 300w, https:\/\/erdelyivakiskola.org\/wp-content\/uploads\/2021\/07\/DSC_0025-1024x683.jpg 1024w, https:\/\/erdelyivakiskola.org\/wp-content\/uploads\/2021\/07\/DSC_0025-768x512.jpg 768w, https:\/\/erdelyivakiskola.org\/wp-content\/uploads\/2021\/07\/DSC_0025-1536x1024.jpg 1536w, https:\/\/erdelyivakiskola.org\/wp-content\/uploads\/2021\/07\/DSC_0025-2048x1366.jpg 2048w\" sizes=\"auto, (max-width: 341px) 100vw, 341px\" \/><\/a>\u00a0 <a href=\"https:\/\/erdelyivakiskola.org\/wp-content\/uploads\/2021\/07\/DSC_0036-scaled.jpg\"><img loading=\"lazy\" decoding=\"async\" class=\"alignnone wp-image-1486\" src=\"https:\/\/erdelyivakiskola.org\/wp-content\/uploads\/2021\/07\/DSC_0036-300x200.jpg\" alt=\"\" width=\"338\" height=\"225\" srcset=\"https:\/\/erdelyivakiskola.org\/wp-content\/uploads\/2021\/07\/DSC_0036-300x200.jpg 300w, https:\/\/erdelyivakiskola.org\/wp-content\/uploads\/2021\/07\/DSC_0036-1024x683.jpg 1024w, https:\/\/erdelyivakiskola.org\/wp-content\/uploads\/2021\/07\/DSC_0036-768x512.jpg 768w, https:\/\/erdelyivakiskola.org\/wp-content\/uploads\/2021\/07\/DSC_0036-1536x1024.jpg 1536w, https:\/\/erdelyivakiskola.org\/wp-content\/uploads\/2021\/07\/DSC_0036-2048x1366.jpg 2048w\" sizes=\"auto, (max-width: 338px) 100vw, 338px\" \/><\/a><\/p>\n<p>A szolg\u00e1ltat\u00f3 jogi szem\u00e9lyek, egyes\u00fcletek, kultur\u00e1lis, szoci\u00e1lis, vall\u00e1si vagy egy\u00e9b jogi entit\u00e1sok regisztr\u00e1ci\u00f3 ut\u00e1n kapnak lehet\u0151s\u00e9get a <a href=\"http:\/\/siconomy.com\">siconomy.com<\/a> oldalon a megjelen\u00e9sre, \u00f6nmaguk \u00e9s tev\u00e9kenys\u00e9g\u00fck bemutat\u00e1s\u00e1ra. T\u00f6bb regisztr\u00e1ci\u00f3s d\u00edjcsomagot lehet v\u00e1lasztani, az egy \u00e9ves csomag neve \u201cVakmer\u0151\u201d, mely egy teljes \u00e9v hozz\u00e1f\u00e9r\u00e9st biztos\u00edt a regisztr\u00e1l\u00f3nak. \u00e9s 150 lejbe ker\u00fcl. A partners\u00e9gi meg\u00e1llapod\u00e1s szerint, a Siconomy a regisztr\u00e1ci\u00f3s d\u00edjak 50%-\u00e1t felaj\u00e1nlotta az EMLE-nek adom\u00e1nyk\u00e9nt.<\/p>\n<p>Teh\u00e1t akik k\u00f6nnyebben \u00e9s professzion\u00e1lis m\u00f3don szeretn\u00e9k bemutatni a szolg\u00e1ltat\u00e1saikat \u00e9s tev\u00e9kenys\u00e9geiket, egy jelk\u00e9pes \u00e9vi d\u00edj kifizet\u00e9se ut\u00e1n ezt k\u00f6nnyen megtehetik, mik\u00f6zben egy nemes \u00fcgyet is t\u00e1mogathatnak.<span class=\"Apple-converted-space\">\u00a0<\/span><\/p>\n<p>&nbsp;<\/p>\n<p><a href=\"https:\/\/erdelyivakiskola.org\/wp-content\/uploads\/2021\/07\/DSC_0040-scaled.jpg\"><img loading=\"lazy\" decoding=\"async\" class=\"alignnone wp-image-1484\" src=\"https:\/\/erdelyivakiskola.org\/wp-content\/uploads\/2021\/07\/DSC_0040-300x200.jpg\" alt=\"\" width=\"348\" height=\"232\" srcset=\"https:\/\/erdelyivakiskola.org\/wp-content\/uploads\/2021\/07\/DSC_0040-300x200.jpg 300w, https:\/\/erdelyivakiskola.org\/wp-content\/uploads\/2021\/07\/DSC_0040-1024x683.jpg 1024w, https:\/\/erdelyivakiskola.org\/wp-content\/uploads\/2021\/07\/DSC_0040-768x512.jpg 768w, https:\/\/erdelyivakiskola.org\/wp-content\/uploads\/2021\/07\/DSC_0040-1536x1024.jpg 1536w, https:\/\/erdelyivakiskola.org\/wp-content\/uploads\/2021\/07\/DSC_0040-2048x1366.jpg 2048w\" sizes=\"auto, (max-width: 348px) 100vw, 348px\" \/><\/a>\u00a0 <a href=\"https:\/\/erdelyivakiskola.org\/wp-content\/uploads\/2021\/07\/DSC_0050-scaled.jpg\"><img loading=\"lazy\" decoding=\"async\" class=\"alignnone wp-image-1488\" src=\"https:\/\/erdelyivakiskola.org\/wp-content\/uploads\/2021\/07\/DSC_0050-300x200.jpg\" alt=\"\" width=\"344\" height=\"229\" srcset=\"https:\/\/erdelyivakiskola.org\/wp-content\/uploads\/2021\/07\/DSC_0050-300x200.jpg 300w, https:\/\/erdelyivakiskola.org\/wp-content\/uploads\/2021\/07\/DSC_0050-1024x683.jpg 1024w, https:\/\/erdelyivakiskola.org\/wp-content\/uploads\/2021\/07\/DSC_0050-768x512.jpg 768w, https:\/\/erdelyivakiskola.org\/wp-content\/uploads\/2021\/07\/DSC_0050-1536x1024.jpg 1536w, https:\/\/erdelyivakiskola.org\/wp-content\/uploads\/2021\/07\/DSC_0050-2048x1366.jpg 2048w\" sizes=\"auto, (max-width: 344px) 100vw, 344px\" \/><\/a><\/p>\n<p>A Siconomy egy hi\u00e1nyp\u00f3tl\u00f3 \u00e9s lelkes sz\u00e9kelyf\u00f6ldi startup, kreat\u00edv, lelkes \u00e9s szoci\u00e1lisan \u00e9rz\u00e9keny fiatal fejleszt\u0151kkel. Az \u00e1ltaluk fejlesztett weboldal m\u00e1r akt\u00edv, lehet regisztr\u00e1lni, \u00e9s nemsok\u00e1ra elk\u00e9sz\u00fcl az alkalmaz\u00e1s is, amellyel k\u00f6nnyebb\u00e9 v\u00e1lik majd a kommunik\u00e1ci\u00f3 a partnerek, a fejleszt\u0151k, a szolg\u00e1ltat\u00f3k, \u00e9s a felhaszn\u00e1l\u00f3k k\u00f6z\u00f6tt.<span class=\"Apple-converted-space\">\u00a0<\/span><\/p>\n<p>H\u00e1l\u00e1sak vagyunk <a href=\"https:\/\/www.facebook.com\/leventeambrus\">Ambrus<\/a>\u00a0Levent\u00e9nek \u00e9s a Siconomynak, hogy r\u00e1nk gondoltak, hogy forgalmuk fel\u00e9t a magyar Vakiskola t\u00e1mogat\u00e1s\u00e1nak adom\u00e1nyozz\u00e1k. Gratul\u00e1lunk a fiatal v\u00e1llalkoz\u00f3knak a kiv\u00e1l\u00f3 \u00f6tlethez, a megval\u00f3s\u00edtott platformhoz, a kitart\u00f3 munk\u00e1hoz. Meg vagyunk gy\u0151z\u0151dve, hogy nagyon sokan fognak \u00e9lni a lehet\u0151s\u00e9ggel, amit a Siconomy k\u00edn\u00e1l, mert nem csak k\u00e9nyelmesen, eszt\u00e9tikusan, egy csal\u00e1dias fel\u00fcleten lehet \u00faj \u00e9s el\u00e9gedett \u00fcgyfeleket szerezni, hanem t\u00e1mogatni is lehet a magyar l\u00e1t\u00e1ss\u00e9r\u00fcltek oktat\u00e1s\u00e1t.<\/p>\n<p>K\u00f6sz\u00f6nj\u00fck Siconomy! \u00c9s sok sikert!<\/p>","protected":false},"excerpt":{"rendered":"<p>2021. j\u00falius 13.-\u00e1n partners\u00e9gi meg\u00e1llapod\u00e1st \u00edrt al\u00e1 az Erd\u00e9lyi Magyar L\u00e1t\u00e1ss\u00e9r\u00fcltek\u00e9rt Egyes\u00fclet \u00e9s a Siconomy\u00a0System SRL.\u00a0 Ambrus Levente, a Siconomy t\u00e1rsalap\u00edt\u00f3ja kereste meg egyes\u00fclet\u00fcnket az egy\u00fcttm\u0171k\u00f6d\u00e9s \u00f6tlet\u00e9vel, miut\u00e1n tal\u00e1lkozott a Vekker K\u00e1v\u00e9z\u00f3ban egyik adom\u00e1nygy\u0171jt\u0151 dobozunkkal. A Siconomy egy dinamikus, akt\u00edv adatb\u00e1zison alapul\u00f3 virtu\u00e1lis k\u00f6z\u00f6ss\u00e9gi platform jogi szem\u00e9lyeknek, v\u00e1llalkoz\u00e1soknak, egyes\u00fcleteknek, szolg\u00e1ltat\u00e1soknak, ahol nagyon k\u00f6nnyen \u00e9s professzion\u00e1lis [&hellip;]<\/p>\n","protected":false},"author":2,"featured_media":1484,"comment_status":"closed","ping_status":"closed","sticky":false,"template":"","format":"standard","meta":{"_acf_changed":false,"footnotes":""},"categories":[1],"tags":[],"class_list":["post-1483","post","type-post","status-publish","format-standard","has-post-thumbnail","hentry","category-blog"],"acf":[],"_links":{"self":[{"href":"https:\/\/erdelyivakiskola.org\/hu\/wp-json\/wp\/v2\/posts\/1483","targetHints":{"allow":["GET"]}}],"collection":[{"href":"https:\/\/erdelyivakiskola.org\/hu\/wp-json\/wp\/v2\/posts"}],"about":[{"href":"https:\/\/erdelyivakiskola.org\/hu\/wp-json\/wp\/v2\/types\/post"}],"author":[{"embeddable":true,"href":"https:\/\/erdelyivakiskola.org\/hu\/wp-json\/wp\/v2\/users\/2"}],"replies":[{"embeddable":true,"href":"https:\/\/erdelyivakiskola.org\/hu\/wp-json\/wp\/v2\/comments?post=1483"}],"version-history":[{"count":7,"href":"https:\/\/erdelyivakiskola.org\/hu\/wp-json\/wp\/v2\/posts\/1483\/revisions"}],"predecessor-version":[{"id":1704,"href":"https:\/\/erdelyivakiskola.org\/hu\/wp-json\/wp\/v2\/posts\/1483\/revisions\/1704"}],"wp:featuredmedia":[{"embeddable":true,"href":"https:\/\/erdelyivakiskola.org\/hu\/wp-json\/wp\/v2\/media\/1484"}],"wp:attachment":[{"href":"https:\/\/erdelyivakiskola.org\/hu\/wp-json\/wp\/v2\/media?parent=1483"}],"wp:term":[{"taxonomy":"category","embeddable":true,"href":"https:\/\/erdelyivakiskola.org\/hu\/wp-json\/wp\/v2\/categories?post=1483"},{"taxonomy":"post_tag","embeddable":true,"href":"https:\/\/erdelyivakiskola.org\/hu\/wp-json\/wp\/v2\/tags?post=1483"}],"curies":[{"name":"wp","href":"https:\/\/api.w.org\/{rel}","templated":true}]}}